{"id":220220,"date":"2025-08-02T11:20:00","date_gmt":"2025-08-02T14:20:00","guid":{"rendered":"https:\/\/corrientesdetarde.com\/?p=220220"},"modified":"2025-08-02T11:01:06","modified_gmt":"2025-08-02T14:01:06","slug":"victoria-villarruel-estara-en-el-acto-por-el-traslado-de-los-restos-del-sargento-cabral","status":"publish","type":"post","link":"https:\/\/corrientesdetarde.com\/index.php\/politica\/victoria-villarruel-estara-en-el-acto-por-el-traslado-de-los-restos-del-sargento-cabral\/","title":{"rendered":"Victoria Villarruel estar\u00e1 en el acto por el traslado de los restos del Sargento Cabral."},"content":{"rendered":"\n<h2 class=\"wp-block-heading\">En plena tensi\u00f3n con Milei, la vicepresidenta participar\u00e1 del homenaje al Sargento Juan Bautista Cabral. La Casa Rosada desautoriz\u00f3 el traslado de los restos por falta de pruebas de autenticidad.<\/h2>\n\n\n\n<p>Este s\u00e1bado, se realizar\u00e1 en Saladas el acto oficial por el traslado de los restos del sargento Juan Bautista Cabral, h\u00e9roe del Combate de San Lorenzo. El evento contar\u00e1 con la presencia de la vicepresidenta Victoria Villarruel, el gobernador Gustavo Vald\u00e9s y autoridades locales, a pesar del rechazo del Gobierno nacional, que desestim\u00f3 el traslado por motivos hist\u00f3ricos y cient\u00edficos.<\/p>\n\n\n\n<p>&nbsp;La ceremonia central ser\u00e1 a las 17, pero desde el mediod\u00eda se desarrollar\u00e1n diversas actividades, incluyendo una caravana oficial con la urna que contendr\u00eda los restos de Cabral y otros 13 granaderos, que ser\u00e1n depositados en un monumento ubicado en la casa donde vivi\u00f3 el soldado antes de unirse a los Granaderos a Caballo.<\/p>\n\n\n\n<p>La presencia de Villarruel, confirmada oficialmente, se da en un contexto de fuerte interna con el presidente Javier Milei, quien recientemente la acus\u00f3 de &#8220;traidora&#8221; y de operar contra su gesti\u00f3n. Desde el Gobierno, sin embargo, se\u00f1alaron que la objeci\u00f3n al acto no responde a diferencias pol\u00edticas, sino a la falta de certeza sobre la autenticidad de los restos.<\/p>\n\n\n\n<p>Seg\u00fan la Comisi\u00f3n Nacional de Monumentos, no hay registros individuales suficientes ni estudios de ADN que permitan confirmar qu\u00e9 fragmentos corresponden efectivamente a Cabral. Por ese motivo, Defensa y el Ej\u00e9rcito se desligaron del evento, al igual que el Instituto Nacional Sanmartiniano.<\/p>\n\n\n\n<p>No obstante, la Municipalidad de Saladas y la administraci\u00f3n provincial avanzaron con la exhumaci\u00f3n y organizaci\u00f3n del homenaje, en pleno a\u00f1o electoral en Corrientes, donde el pr\u00f3ximo 31 de agosto se votar\u00e1 gobernador. La figura de Cabral, hijo de esclavos afroamericanos y s\u00edmbolo del Ej\u00e9rcito Argentino, ser\u00e1 homenajeada con actos religiosos, ofrendas, discursos y un festival popular.<\/p>\n\n\n\n<p>Desde el oficialismo nacional reiteraron que los restos se encuentran en el Convento de San Carlos en San Lorenzo desde 1813, junto a otros soldados ca\u00eddos, y advirtieron que &#8220;no se considera prudente ni necesario&#8221; realizar el traslado sin estudios serios que lo respalden.<\/p>\n","protected":false},"excerpt":{"rendered":"<p>En plena tensi\u00f3n con Milei, la vicepresidenta participar\u00e1 del homenaje al Sargento Juan Bautista Cabral. La Casa Rosada desautoriz\u00f3 el traslado de los restos por falta de pruebas de autenticidad.&hellip; <\/p>\n","protected":false},"author":6,"featured_media":220222,"comment_status":"closed","ping_status":"open","sticky":false,"template":"","format":"standard","meta":{"footnotes":""},"categories":[3],"tags":[],"class_list":["post-220220","post","type-post","status-publish","format-standard","has-post-thumbnail","hentry","category-politica"],"_links":{"self":[{"href":"https:\/\/corrientesdetarde.com\/index.php\/wp-json\/wp\/v2\/posts\/220220","targetHints":{"allow":["GET"]}}],"collection":[{"href":"https:\/\/corrientesdetarde.com\/index.php\/wp-json\/wp\/v2\/posts"}],"about":[{"href":"https:\/\/corrientesdetarde.com\/index.php\/wp-json\/wp\/v2\/types\/post"}],"author":[{"embeddable":true,"href":"https:\/\/corrientesdetarde.com\/index.php\/wp-json\/wp\/v2\/users\/6"}],"replies":[{"embeddable":true,"href":"https:\/\/corrientesdetarde.com\/index.php\/wp-json\/wp\/v2\/comments?post=220220"}],"version-history":[{"count":1,"href":"https:\/\/corrientesdetarde.com\/index.php\/wp-json\/wp\/v2\/posts\/220220\/revisions"}],"predecessor-version":[{"id":220223,"href":"https:\/\/corrientesdetarde.com\/index.php\/wp-json\/wp\/v2\/posts\/220220\/revisions\/220223"}],"wp:featuredmedia":[{"embeddable":true,"href":"https:\/\/corrientesdetarde.com\/index.php\/wp-json\/wp\/v2\/media\/220222"}],"wp:attachment":[{"href":"https:\/\/corrientesdetarde.com\/index.php\/wp-json\/wp\/v2\/media?parent=220220"}],"wp:term":[{"taxonomy":"category","embeddable":true,"href":"https:\/\/corrientesdetarde.com\/index.php\/wp-json\/wp\/v2\/categories?post=220220"},{"taxonomy":"post_tag","embeddable":true,"href":"https:\/\/corrientesdetarde.com\/index.php\/wp-json\/wp\/v2\/tags?post=220220"}],"curies":[{"name":"wp","href":"https:\/\/api.w.org\/{rel}","templated":true}]}}