{"id":220243,"date":"2025-08-02T19:07:35","date_gmt":"2025-08-02T22:07:35","guid":{"rendered":"https:\/\/corrientesdetarde.com\/?p=220243"},"modified":"2025-08-02T19:07:47","modified_gmt":"2025-08-02T22:07:47","slug":"pelea-familiar-en-corrientes-termina-con-varios-detenidos-y-un-arsenal-secuestrado","status":"publish","type":"post","link":"https:\/\/corrientesdetarde.com\/index.php\/actualidad\/pelea-familiar-en-corrientes-termina-con-varios-detenidos-y-un-arsenal-secuestrado\/","title":{"rendered":"Pelea familiar en Corrientes termina con varios detenidos y un arsenal secuestrado"},"content":{"rendered":"\n<p>Efectivos policiales de la Comisaria de Distrito General Paz en conjunto con el Grupo T\u00e1ctico Operacional \u2013 G.T.O.-, de la localidad de San Luis del Palmar, en colaboraci\u00f3n a la Unidad Fiscal de Investigaciones y referente a un legajo judicial &#8211; por supuesto robo-, diligenciaron dos \u00f3rdenes de allanamiento en la Segunda Secci\u00f3n Rural Paso Florent\u00edn de General Paz, donde secuestraron varias cosas de inter\u00e9s a la causa, hallaron armas de fuego y detuvieron a cuatro personas presuntamente vinculadas al hecho.<\/p>\n\n\n\n<p>La primera orden fue diligenciada cerca de las 07:00horas del viernes en una vivienda ubicada sobre Ruta Provincial N\u00b0 5, al kil\u00f3metro 100 aproximadamente, donde, si bien lo solicitado en el mandato judicial no se encontr\u00f3, en el domicilio se hallaron dos armas de fuego, como ser: un rifle \u2013 calibre .22, marca Centauro-, y un arma -calibre .22, marca Bersa-con cuatro proyectiles, de lo cual el morador, un hombre \u2013 mayor de edad-, no pose\u00eda documentaciones que acrediten su propiedad, siendo posteriormente detenido.}<\/p>\n\n\n\n<p>De igual forma y en las inmediaciones, se realiz\u00f3 el segundo diligenciamiento, la cual arrojo resultado positivo para lo solicitado, procedi\u00e9ndose al secuestro preventivo de \u2013 una pala, un anafe el\u00e9ctrico \u2013 marca Brogas-, un rollo de cable y una heladera \u2013 marca marschall-, adem\u00e1s, se procedi\u00f3 a la detenci\u00f3n de tres personas \u2013 de 56, 57 y 60 a\u00f1os de edad-, quienes estar\u00edan presuntamente vinculados a los hechos que se investigan.<\/p>\n\n\n\n<p>Todo se dio en medio de una denuncia por un robo, pero que implicar\u00eda adem\u00e1s serias diferencias familiares entre dos grupos antag\u00f3nicos<\/p>\n\n\n\n<p>Los demorados junto a todo lo secuestrado fueron puestos a disposici\u00f3n de la Unidad Fiscal interviniente y trasladados a la citada dependencia, donde se continuaron con los tramites de rigor.<\/p>\n\n\n<div class=\"wp-block-image\">\n<figure class=\"alignleft size-full\"><img loading=\"lazy\" decoding=\"async\" width=\"423\" height=\"720\" src=\"https:\/\/corrientesdetarde.com\/wp-content\/uploads\/2025\/08\/image-33.png\" alt=\"\" class=\"wp-image-220255\" srcset=\"https:\/\/corrientesdetarde.com\/wp-content\/uploads\/2025\/08\/image-33.png 423w, https:\/\/corrientesdetarde.com\/wp-content\/uploads\/2025\/08\/image-33-176x300.png 176w\" sizes=\"auto, (max-width: 423px) 100vw, 423px\" \/><\/figure>\n<\/div>\n\n\n<figure class=\"wp-block-image size-full\"><img loading=\"lazy\" decoding=\"async\" width=\"377\" height=\"720\" src=\"https:\/\/corrientesdetarde.com\/wp-content\/uploads\/2025\/08\/image-32.png\" alt=\"\" class=\"wp-image-220254\" srcset=\"https:\/\/corrientesdetarde.com\/wp-content\/uploads\/2025\/08\/image-32.png 377w, https:\/\/corrientesdetarde.com\/wp-content\/uploads\/2025\/08\/image-32-157x300.png 157w\" sizes=\"auto, (max-width: 377px) 100vw, 377px\" \/><\/figure>\n","protected":false},"excerpt":{"rendered":"<p>Efectivos policiales de la Comisaria de Distrito General Paz en conjunto con el Grupo T\u00e1ctico Operacional \u2013 G.T.O.-, de la localidad de San Luis del Palmar, en colaboraci\u00f3n a la&hellip; <\/p>\n","protected":false},"author":1,"featured_media":220256,"comment_status":"closed","ping_status":"open","sticky":false,"template":"","format":"standard","meta":{"footnotes":""},"categories":[23,33],"tags":[],"class_list":["post-220243","post","type-post","status-publish","format-standard","has-post-thumbnail","hentry","category-actualidad","category-policiales"],"_links":{"self":[{"href":"https:\/\/corrientesdetarde.com\/index.php\/wp-json\/wp\/v2\/posts\/220243","targetHints":{"allow":["GET"]}}],"collection":[{"href":"https:\/\/corrientesdetarde.com\/index.php\/wp-json\/wp\/v2\/posts"}],"about":[{"href":"https:\/\/corrientesdetarde.com\/index.php\/wp-json\/wp\/v2\/types\/post"}],"author":[{"embeddable":true,"href":"https:\/\/corrientesdetarde.com\/index.php\/wp-json\/wp\/v2\/users\/1"}],"replies":[{"embeddable":true,"href":"https:\/\/corrientesdetarde.com\/index.php\/wp-json\/wp\/v2\/comments?post=220243"}],"version-history":[{"count":1,"href":"https:\/\/corrientesdetarde.com\/index.php\/wp-json\/wp\/v2\/posts\/220243\/revisions"}],"predecessor-version":[{"id":220257,"href":"https:\/\/corrientesdetarde.com\/index.php\/wp-json\/wp\/v2\/posts\/220243\/revisions\/220257"}],"wp:featuredmedia":[{"embeddable":true,"href":"https:\/\/corrientesdetarde.com\/index.php\/wp-json\/wp\/v2\/media\/220256"}],"wp:attachment":[{"href":"https:\/\/corrientesdetarde.com\/index.php\/wp-json\/wp\/v2\/media?parent=220243"}],"wp:term":[{"taxonomy":"category","embeddable":true,"href":"https:\/\/corrientesdetarde.com\/index.php\/wp-json\/wp\/v2\/categories?post=220243"},{"taxonomy":"post_tag","embeddable":true,"href":"https:\/\/corrientesdetarde.com\/index.php\/wp-json\/wp\/v2\/tags?post=220243"}],"curies":[{"name":"wp","href":"https:\/\/api.w.org\/{rel}","templated":true}]}}