{"id":220244,"date":"2025-08-02T19:06:15","date_gmt":"2025-08-02T22:06:15","guid":{"rendered":"https:\/\/corrientesdetarde.com\/?p=220244"},"modified":"2025-08-02T19:06:27","modified_gmt":"2025-08-02T22:06:27","slug":"inicio-el-25-encuentro-provincial-de-ferias-francas","status":"publish","type":"post","link":"https:\/\/corrientesdetarde.com\/index.php\/actualidad\/inicio-el-25-encuentro-provincial-de-ferias-francas\/","title":{"rendered":"Inici\u00f3 el 25\u00b0 Encuentro Provincial de Ferias Francas"},"content":{"rendered":"\n<p>Luego de la postergaci\u00f3n de dicho evento por inclemencias del tiempo y que estaba previsto realizarse el 26 y 27 de julio, este s\u00e1bado inici\u00f3 una nueva edici\u00f3n del Encuentro de Ferias Francas. Uno de los oradores en la apertura fue el ministro Gaya, qui\u00e9n expres\u00f3 que &#8220;no hay nada m\u00e1s lindo que poder hablar a productores, emprendedores y tener una mesa con lo que producimos en Corrientes, fruto del trabajo y el esfuerzo&#8221;.<\/p>\n\n\n\n<p>Record\u00f3 que &#8220;hay unos ejes claros de trabajo que nos encomend\u00f3 y tiene este Gobierno provincial de Gustavo Vald\u00e9s: inclusi\u00f3n, modernizaci\u00f3n y desarrollo, y tiene que ver justamente con lo que hicimos: ver de qu\u00e9 manera pod\u00edamos trabajar juntos, entonces planificamos y avanzamos&#8221;. Inform\u00f3 que &#8220;en la ciudad de Corrientes tenemos m\u00e1s 9.200 emprendedores empadronados y registrados; y m\u00e1s de 13 mil en todo el territorio provincial, lo que significa que debemos tomar conciencia que hoy la econom\u00eda social es el motor de nuestra econom\u00eda&#8221;.<\/p>\n\n\n\n<p>Refiri\u00e9ndose a los expositores, Gaya les dijo que &#8220;ustedes que son los verdaderos protagonistas, los que se esfuerzan todos los d\u00edas, y a nosotros desde el Estado nos queda articular y conjugar con las diferentes \u00e1reas de Gobierno provincial, municipal, actores como el INTA, entre otros, pol\u00edticas para brindarles mejores herramientas con el objetivo de que sigan creciendo&#8221;. Celebr\u00f3 que, en la oportunidad, tambi\u00e9n &#8220;hay m\u00e1s de 5 provincias que est\u00e1n participando, y desde el Uruguay, que vienen con una expectativa de asociarse y compartir experiencias&#8221;.<\/p>\n\n\n\n<p>&#8220;Trabajo fecundo&#8221;<\/p>\n\n\n\n<p>Por su parte, el ministro de Obras y Servicios P\u00fablicos, Claudio Polich, manifest\u00f3 que &#8220;hace 25 a\u00f1os que se viene dando ininterrumpidamente este tipo de cosas, que tienen que ver con acercarles la producci\u00f3n a los consumidores, como una manera de valorizar el trabajo y no solo el que tiene que ver con la producci\u00f3n industrial, sino tambi\u00e9n el trabajo fecundo, el que transforma una semilla en un producto o una materia prima en un producto a trav\u00e9s de la artesan\u00eda&#8221;.<\/p>\n\n\n\n<p>Sostuvo por otra parte que &#8220;tiene que ver con la identidad, la cultura, con las posibilidades econ\u00f3micas que se le brinda a cada uno de los emprendedores&#8221;. Dijo que &#8220;por eso tenemos que comprometernos para que este Encuentro cada vez sea mejor y cada vez tenga m\u00e1s publicidad, para que ustedes puedan vender sus productos, que la gente pueda conocerlos y que entre todos podamos generar una cuesti\u00f3n positiva que tire hacia adelante, donde valga la pena seguir trabajando, produciendo y consumiendo productos de primera calidad&#8221;.<\/p>\n\n\n\n<p>El titular del Instituto de Desarrollo Rural de Corrientes (IDERCOR), Vicente Pic\u00f3, asegur\u00f3 que &#8220;estamos muy cerca de inaugurar la casa de la Asociaci\u00f3n Provincial de Ferias Francas, que no va hacer otra cosa que colmarnos de alegr\u00eda y tener comodidades como para recibir a las asociaciones del interior y a los que est\u00e1n aqu\u00ed en Capital&#8221;. En ese marco, desde el \u00e1rea que encabeza plante\u00f3 un desaf\u00edo, que &#8220;tiene que ver con las 5 salas de elaboraci\u00f3n de alimentos que tenemos en la Provincia, que construy\u00f3 el Gobierno de Corrientes con fondos propios y con la ayuda de las asociaciones de cada lugar&#8221;.<\/p>\n\n\n\n<figure class=\"wp-block-image\"><img decoding=\"async\" src=\"https:\/\/www.radiodos.com.ar\/content\/bucket\/1\/267761w790h790c.jpg.webp\" alt=\"\"\/><\/figure>\n\n\n\n<p>&#8220;Lo que nosotros queremos plantearles a los productores es el desaf\u00edo de que los alimentos que salen procesados salgan habilitados como corresponde de esas 5 salas&#8221; continu\u00f3. A lo que agreg\u00f3 que la iniciativa &#8220;lo propicia constantemente el gobernador Vald\u00e9s para las grandes, medianas y para ustedes como peque\u00f1os productores, as\u00ed que s\u00famense porque es el futuro y es la posibilidad de dar un salto, para que estos productos lleguen a las grandes cadenas de venta&#8221;.<\/p>\n\n\n\n<p>Otra de las que dio la bienvenida a los expositores fue la presidenta de la Asociaci\u00f3n Provincial de Ferias Francas, Antonia Ba\u00e9z, qui\u00e9n expres\u00f3 que &#8220;esto m\u00e1s que un encuentro es un reencuentro, como en cada edici\u00f3n desde hace 25 a\u00f1os&#8221;. Coment\u00f3 que &#8220;es el resultado de tantos a\u00f1os de lucha, para que hoy se convierta en una integraci\u00f3n de familias, un intercambio de saberes y sabores, de formas de trabajo y de vida&#8221;.<\/p>\n\n\n\n<p>Adem\u00e1s, se encontraban presentes en el Acto de Apertura, por la Municipalidad de Corrientes, los subsecretarios de Coordinaci\u00f3n Territorial de la Zona 1, Julio Bartra; y de Econom\u00eda Social, Ernesto Estigarribia; el director del Instituto de Cultura Popular (INCUPO), Ernesto Stahringer; la directora de la Estaci\u00f3n Experimental Agropecuaria (EEA) del Instituto Nacional de Tecnolog\u00eda Agropecuaria (INTA) Corrientes, Silvina Esparza; y el referente de la Federaci\u00f3n de Organizaciones Nucleadas de la Agricultura Familiar (FONAF), Carlos Roggero. Tambi\u00e9n delegaciones invitadas, feriantes y emprendedores no solo de Corrientes, sino de Misiones, Chaco, Formosa, Santa Fe y provincia de Buenos Aires.<\/p>\n\n\n\n<p>Cabe recordar que la 25\u00b0 Encuentro de Ferias Francias se extiende por dos jornadas en el Parque Mitre, durante este s\u00e1bado 2 y domingo 3 de agosto. Desde las 17 horas de la primera jornada, sobre el escenario principal se contar\u00e1 con espect\u00e1culos musicales a cargo de Guille Cabral; Kiki Maya; Ra\u00fal Zantis; Braian Acevedo y su conjunto; Los Jaitebas del Litoral, Agrupaci\u00f3n G\u00fcepa Ches; y Selva Guaran\u00ed. &nbsp;&nbsp;<\/p>\n","protected":false},"excerpt":{"rendered":"<p>Luego de la postergaci\u00f3n de dicho evento por inclemencias del tiempo y que estaba previsto realizarse el 26 y 27 de julio, este s\u00e1bado inici\u00f3 una nueva edici\u00f3n del Encuentro&hellip; <\/p>\n","protected":false},"author":1,"featured_media":220252,"comment_status":"closed","ping_status":"open","sticky":false,"template":"","format":"standard","meta":{"footnotes":""},"categories":[23],"tags":[],"class_list":["post-220244","post","type-post","status-publish","format-standard","has-post-thumbnail","hentry","category-actualidad"],"_links":{"self":[{"href":"https:\/\/corrientesdetarde.com\/index.php\/wp-json\/wp\/v2\/posts\/220244","targetHints":{"allow":["GET"]}}],"collection":[{"href":"https:\/\/corrientesdetarde.com\/index.php\/wp-json\/wp\/v2\/posts"}],"about":[{"href":"https:\/\/corrientesdetarde.com\/index.php\/wp-json\/wp\/v2\/types\/post"}],"author":[{"embeddable":true,"href":"https:\/\/corrientesdetarde.com\/index.php\/wp-json\/wp\/v2\/users\/1"}],"replies":[{"embeddable":true,"href":"https:\/\/corrientesdetarde.com\/index.php\/wp-json\/wp\/v2\/comments?post=220244"}],"version-history":[{"count":1,"href":"https:\/\/corrientesdetarde.com\/index.php\/wp-json\/wp\/v2\/posts\/220244\/revisions"}],"predecessor-version":[{"id":220253,"href":"https:\/\/corrientesdetarde.com\/index.php\/wp-json\/wp\/v2\/posts\/220244\/revisions\/220253"}],"wp:featuredmedia":[{"embeddable":true,"href":"https:\/\/corrientesdetarde.com\/index.php\/wp-json\/wp\/v2\/media\/220252"}],"wp:attachment":[{"href":"https:\/\/corrientesdetarde.com\/index.php\/wp-json\/wp\/v2\/media?parent=220244"}],"wp:term":[{"taxonomy":"category","embeddable":true,"href":"https:\/\/corrientesdetarde.com\/index.php\/wp-json\/wp\/v2\/categories?post=220244"},{"taxonomy":"post_tag","embeddable":true,"href":"https:\/\/corrientesdetarde.com\/index.php\/wp-json\/wp\/v2\/tags?post=220244"}],"curies":[{"name":"wp","href":"https:\/\/api.w.org\/{rel}","templated":true}]}}