{"id":220245,"date":"2025-08-02T19:04:42","date_gmt":"2025-08-02T22:04:42","guid":{"rendered":"https:\/\/corrientesdetarde.com\/?p=220245"},"modified":"2025-08-02T19:12:13","modified_gmt":"2025-08-02T22:12:13","slug":"gustavo-valdes-recibio-a-la-vicepresidente-victoria-villarruel","status":"publish","type":"post","link":"https:\/\/corrientesdetarde.com\/index.php\/informacion-general\/gustavo-valdes-recibio-a-la-vicepresidente-victoria-villarruel\/","title":{"rendered":"Gustavo Vald\u00e9s recibi\u00f3 a la vicepresidente Victoria Villarruel"},"content":{"rendered":"\n<p>El gobernador Gustavo Vald\u00e9s recibi\u00f3 en la Casa de Gobierno este s\u00e1bado a la ma\u00f1ana a&nbsp;la vicepresidente de la Naci\u00f3n, Victoria Villarruel, en el marco de su visita a Corrientes por la recepci\u00f3n de restos mortales de Granaderos ca\u00eddos en la Batalla de San Lorenzo.<\/p>\n\n\n\n<p>Alrededor de las 10 la Vicepresidente arrib\u00f3 a la capital provincial y se dirigi\u00f3 a la Casa de Gobierno, donde la esperaba el Gobernador. En el despacho oficial, ambos mantuvieron una reuni\u00f3n durante una hora aproximadamente.<\/p>\n\n\n\n<p>Luego Vald\u00e9s invit\u00f3 a Villarruel a conocer la iglesia La Merced, distante a unos cien metros, recorriendo la hist\u00f3rica plaza 25 de Mayo, centro c\u00edvico de la ciudad. El mandatario provincial le explic\u00f3 all\u00ed a la Vicepresidente sobre los distintos edificios p\u00fablicos que rodean el lugar hasta ingresar al templo religioso, donde fueron recibidos por por el cura p\u00e1rroco, tambi\u00e9n permaneciendo all\u00ed&nbsp;un tiempo considerable.<\/p>\n\n\n\n<p>Posteriormente, Vald\u00e9s, Villarruel y sus respectivas&nbsp;comitivas se trasladaron hasta La Unidad, el nuevo polo cultural, tecnol\u00f3gico, comercial y gastron\u00f3mico que el Gobierno provincial construye en la ex c\u00e1rcel de avenida 3 de Abril y Costanera, donde recorrieron las obras que se encuentran en sus \u00faltimas etapas.<\/p>\n\n\n\n<p>Posteriormente, Vald\u00e9s y Villarruel visitar\u00e1n la ciudad de Saladas para participar de una jornada hist\u00f3rica de homenaje. La actividad incluye el arribo de los restos de Granaderos ca\u00eddos en el Combate de San Lorenzo, su traslado al Museo Hist\u00f3rico y un acto oficial en Plaza Cabral con desfile c\u00edvico militar.<\/p>\n\n\n\n<p>El arribo de los restos ser\u00e1 a las 15, en Cuatro Bocas- Saladas. Mientras que a las 16 se realizar\u00e1 la concentraci\u00f3n en el Palacio Municipal, para luego trasladar la urna a la Casona donde residiera Juan Bautista Cabral, actual Museo Hist\u00f3rico y Monumento Nacional. Seguidamente, a las 17 se har\u00e1 el acto oficial en Plaza Cabral con desfile c\u00edvico militar.<\/p>\n","protected":false},"excerpt":{"rendered":"<p>El gobernador Gustavo Vald\u00e9s recibi\u00f3 en la Casa de Gobierno este s\u00e1bado a la ma\u00f1ana a&nbsp;la vicepresidente de la Naci\u00f3n, Victoria Villarruel, en el marco de su visita a Corrientes&hellip; <\/p>\n","protected":false},"author":1,"featured_media":220250,"comment_status":"closed","ping_status":"open","sticky":false,"template":"","format":"standard","meta":{"footnotes":""},"categories":[1,8],"tags":[],"class_list":["post-220245","post","type-post","status-publish","format-standard","has-post-thumbnail","hentry","category-informacion-general","category-locales"],"_links":{"self":[{"href":"https:\/\/corrientesdetarde.com\/index.php\/wp-json\/wp\/v2\/posts\/220245","targetHints":{"allow":["GET"]}}],"collection":[{"href":"https:\/\/corrientesdetarde.com\/index.php\/wp-json\/wp\/v2\/posts"}],"about":[{"href":"https:\/\/corrientesdetarde.com\/index.php\/wp-json\/wp\/v2\/types\/post"}],"author":[{"embeddable":true,"href":"https:\/\/corrientesdetarde.com\/index.php\/wp-json\/wp\/v2\/users\/1"}],"replies":[{"embeddable":true,"href":"https:\/\/corrientesdetarde.com\/index.php\/wp-json\/wp\/v2\/comments?post=220245"}],"version-history":[{"count":2,"href":"https:\/\/corrientesdetarde.com\/index.php\/wp-json\/wp\/v2\/posts\/220245\/revisions"}],"predecessor-version":[{"id":220267,"href":"https:\/\/corrientesdetarde.com\/index.php\/wp-json\/wp\/v2\/posts\/220245\/revisions\/220267"}],"wp:featuredmedia":[{"embeddable":true,"href":"https:\/\/corrientesdetarde.com\/index.php\/wp-json\/wp\/v2\/media\/220250"}],"wp:attachment":[{"href":"https:\/\/corrientesdetarde.com\/index.php\/wp-json\/wp\/v2\/media?parent=220245"}],"wp:term":[{"taxonomy":"category","embeddable":true,"href":"https:\/\/corrientesdetarde.com\/index.php\/wp-json\/wp\/v2\/categories?post=220245"},{"taxonomy":"post_tag","embeddable":true,"href":"https:\/\/corrientesdetarde.com\/index.php\/wp-json\/wp\/v2\/tags?post=220245"}],"curies":[{"name":"wp","href":"https:\/\/api.w.org\/{rel}","templated":true}]}}