{"id":220258,"date":"2025-08-02T19:11:48","date_gmt":"2025-08-02T22:11:48","guid":{"rendered":"https:\/\/corrientesdetarde.com\/?p=220258"},"modified":"2025-08-02T19:11:53","modified_gmt":"2025-08-02T22:11:53","slug":"las-ferias-de-la-ciudad-inician-agosto-consu-tradicional-recorrido-por-espacios-publicos","status":"publish","type":"post","link":"https:\/\/corrientesdetarde.com\/index.php\/informacion-general\/las-ferias-de-la-ciudad-inician-agosto-consu-tradicional-recorrido-por-espacios-publicos\/","title":{"rendered":"Las Ferias de la Ciudad inician agosto consu tradicional recorrido por espacios p\u00fablicos"},"content":{"rendered":"\n<p>Desde el martes 5 y hasta el domingo 10 de agosto, los feriantes capitalinos se instalar\u00e1n en\u00a0parques, plazas y paseos en distintos barrios. Se podr\u00e1n adquirir verduras, frutas, artesan\u00edas, productos manufacturados, plantas ornamentales, entre otras propuestas.<\/p>\n\n\n\n<p>La propuesta coordinada por la Secretar\u00eda de Desarrollo Econ\u00f3mico de la Municipalidad,\u00a0a trav\u00e9s de la Subsecretar\u00eda de Econom\u00eda Social,\u00a0contin\u00faa acercando productos de calidad, con interesantes ofertas y combos, a diferentes espacios p\u00fablicos de los barrios. En la primera semana de agosto, el recorrido se extender\u00e1 del martes 5 al domingo 10 en distintos parques, plazas y paseos de la ciudad.\u00a0<br><br>El martes 5, de 8 a 13, las sedes ser\u00e1n la plaza Torrent -San Lorenzo y Bol\u00edvar- y plaza Los Amigos del barrio Libertad, frente a la escuela N\u00ba6 por calle Brasil.<\/p>\n\n\n\n<p><br><br>En el mismo horario, el mi\u00e9rcoles 6 la iniciativa se repetir\u00e1 en plaza Torrent; y el jueves 7, en plaza La Cruz, por calle Salta, en el barrio del mismo nombre.<br><br>El viernes 8 se repetir\u00e1 la propuesta en el predio de Larrea al 3400 (frente al Colegio Illia) del barrio Laguna Seca; en la plaza Rep\u00fablica del Per\u00fa de las Mil Viviendas; en la plazoleta Los Inmigrantes del barrio Ber\u00f3n de Astrada; y en la plaza Primera Junta del barrio Yapey\u00fa (Gobernador Mart\u00ednez y M\u00e9xico).<br><br>El recorrido continuar\u00e1 el s\u00e1bado 9, de 8 a 13, por la calle Pil\u00fa G\u00f3mez y Jos\u00e9 Rol\u00f3n, en el Parque Mitre. Y por la tarde, en el Paseo Arazaty, de 10 a 22.<br><br>El domingo 10 los puesteros estar\u00e1n en el Paseo Arazaty, donde ofrecer\u00e1n de 10 a 20, plantas ornamentales, ofertas gastron\u00f3micas, artesan\u00edas y manualidades.<br><br>\u00a0CRONOGRAMA<br><br>Martes 5 de agosto: plaza Torrent (Centro) y plaza Los Amigos (Libertad).<br><br>Mi\u00e9rcoles 6 de agosto: plaza Torrent (Centro)<br><br>Jueves 7 de agosto: plaza La Cruz (barrio La Cruz)<br><br>Viernes 8 de agosto: Larrea al 3400 del barrio Laguna Seca; plaza Rep\u00fablica del Per\u00fa de las Mil Viviendas; plazoleta Los Inmigrantes del barrio Ber\u00f3n de Astrada; \u00a0plaza Primera Junta del barrio Yapey\u00fa.<br><br>S\u00e1bado 9 de agosto: parque Mitre (barrio Aldana) de 8 a 13, y Paseo Arazaty de 10 a 22<br><br>Domingo 10 de agosto: Paseo Arazaty, de 10 a 22<\/p>\n\n\n\n<figure class=\"wp-block-image size-full\"><img loading=\"lazy\" decoding=\"async\" width=\"681\" height=\"856\" src=\"https:\/\/corrientesdetarde.com\/wp-content\/uploads\/2025\/08\/image-37.png\" alt=\"\" class=\"wp-image-220265\" srcset=\"https:\/\/corrientesdetarde.com\/wp-content\/uploads\/2025\/08\/image-37.png 681w, https:\/\/corrientesdetarde.com\/wp-content\/uploads\/2025\/08\/image-37-239x300.png 239w\" sizes=\"auto, (max-width: 681px) 100vw, 681px\" \/><\/figure>\n","protected":false},"excerpt":{"rendered":"<p>Desde el martes 5 y hasta el domingo 10 de agosto, los feriantes capitalinos se instalar\u00e1n en\u00a0parques, plazas y paseos en distintos barrios. Se podr\u00e1n adquirir verduras, frutas, artesan\u00edas, productos&hellip; <\/p>\n","protected":false},"author":1,"featured_media":200510,"comment_status":"closed","ping_status":"open","sticky":false,"template":"","format":"standard","meta":{"footnotes":""},"categories":[1],"tags":[],"class_list":["post-220258","post","type-post","status-publish","format-standard","has-post-thumbnail","hentry","category-informacion-general"],"_links":{"self":[{"href":"https:\/\/corrientesdetarde.com\/index.php\/wp-json\/wp\/v2\/posts\/220258","targetHints":{"allow":["GET"]}}],"collection":[{"href":"https:\/\/corrientesdetarde.com\/index.php\/wp-json\/wp\/v2\/posts"}],"about":[{"href":"https:\/\/corrientesdetarde.com\/index.php\/wp-json\/wp\/v2\/types\/post"}],"author":[{"embeddable":true,"href":"https:\/\/corrientesdetarde.com\/index.php\/wp-json\/wp\/v2\/users\/1"}],"replies":[{"embeddable":true,"href":"https:\/\/corrientesdetarde.com\/index.php\/wp-json\/wp\/v2\/comments?post=220258"}],"version-history":[{"count":1,"href":"https:\/\/corrientesdetarde.com\/index.php\/wp-json\/wp\/v2\/posts\/220258\/revisions"}],"predecessor-version":[{"id":220266,"href":"https:\/\/corrientesdetarde.com\/index.php\/wp-json\/wp\/v2\/posts\/220258\/revisions\/220266"}],"wp:featuredmedia":[{"embeddable":true,"href":"https:\/\/corrientesdetarde.com\/index.php\/wp-json\/wp\/v2\/media\/200510"}],"wp:attachment":[{"href":"https:\/\/corrientesdetarde.com\/index.php\/wp-json\/wp\/v2\/media?parent=220258"}],"wp:term":[{"taxonomy":"category","embeddable":true,"href":"https:\/\/corrientesdetarde.com\/index.php\/wp-json\/wp\/v2\/categories?post=220258"},{"taxonomy":"post_tag","embeddable":true,"href":"https:\/\/corrientesdetarde.com\/index.php\/wp-json\/wp\/v2\/tags?post=220258"}],"curies":[{"name":"wp","href":"https:\/\/api.w.org\/{rel}","templated":true}]}}