{"id":220260,"date":"2025-08-02T19:08:55","date_gmt":"2025-08-02T22:08:55","guid":{"rendered":"https:\/\/corrientesdetarde.com\/?p=220260"},"modified":"2025-08-02T19:09:06","modified_gmt":"2025-08-02T22:09:06","slug":"ruta-provincial-27-dos-motociclistas-muertos-tras-siniestro-vial-en-ruta-de-corrientes","status":"publish","type":"post","link":"https:\/\/corrientesdetarde.com\/index.php\/policiales\/ruta-provincial-27-dos-motociclistas-muertos-tras-siniestro-vial-en-ruta-de-corrientes\/","title":{"rendered":"Ruta provincial 27: Dos motociclistas muertos tras siniestro vial en ruta de Corrientes"},"content":{"rendered":"\n<p>Son dos los fallecidos tras ser atropellados en la moto que circulaban por el conductor de una camioneta. El conductor de la moto muri\u00f3 en el lugar y quien lo acompa\u00f1aba falleci\u00f3 esta ma\u00f1ana en el hospital de Goya. El hecho ocurri\u00f3 la noche del Viernes en la ruta provincial 27, cerca de la localidad de Santa Lucia. Investiga la fiscalia de turno con colaboracion de la Policia de Corrientes.<\/p>\n\n\n\n<p>De acuerdo a la informaci\u00f3n de la Policia de Corrientes, el siniestro ocurri\u00f3 en el departamento de Lavalle, a la altura del kil\u00f3metro 101, cuando el veh\u00edculo marca Renault Duster, color blanca, que conducia un hombre de apellido Cerra, embisti\u00f3 a los jovenes, que se movilizaban en una motocicleta marca Guerrero de 150 cc de color roja y negra.<\/p>\n\n\n\n<p>Efectivos de la comisaria de Santa Lucia fueron hasta el lugar del hecho y hallaron a los jovenes accidentados, sobre el asfalto y quienes fueron traslados en forma urgente al Hospital Regional \u00b4Camilo Muniagurria\u00b4 de Goya donde a los pocos minutos de su ingreso fallecio uno de ellos, a pesar del esfuerzo realizado por los medicos.<\/p>\n\n\n\n<p>En ese momento, se supo que la v\u00edctima fatal era un joven de nacionalidad boliviana identificado como Cristian Flores de 19 a\u00f1os de edad, con domicilio en Colonia San Jos\u00e9 cerca de Santa Lucia.<\/p>\n\n\n\n<p>El otro accidentado identificado como Luis Alarcon de 25 a\u00f1os de edad, muri\u00f3 esta ma\u00f1ana en el Hospital de Goya. Sufri\u00f3 traumatismos cerebrales gravisimos<\/p>\n\n\n\n<p>Investiga el tragico accidente la Unidad Fiscal de Turno a cargo del doctor Francisco Arrue.<\/p>\n","protected":false},"excerpt":{"rendered":"<p>Son dos los fallecidos tras ser atropellados en la moto que circulaban por el conductor de una camioneta. El conductor de la moto muri\u00f3 en el lugar y quien lo&hellip; <\/p>\n","protected":false},"author":1,"featured_media":220261,"comment_status":"closed","ping_status":"open","sticky":false,"template":"","format":"standard","meta":{"footnotes":""},"categories":[33],"tags":[],"class_list":["post-220260","post","type-post","status-publish","format-standard","has-post-thumbnail","hentry","category-policiales"],"_links":{"self":[{"href":"https:\/\/corrientesdetarde.com\/index.php\/wp-json\/wp\/v2\/posts\/220260","targetHints":{"allow":["GET"]}}],"collection":[{"href":"https:\/\/corrientesdetarde.com\/index.php\/wp-json\/wp\/v2\/posts"}],"about":[{"href":"https:\/\/corrientesdetarde.com\/index.php\/wp-json\/wp\/v2\/types\/post"}],"author":[{"embeddable":true,"href":"https:\/\/corrientesdetarde.com\/index.php\/wp-json\/wp\/v2\/users\/1"}],"replies":[{"embeddable":true,"href":"https:\/\/corrientesdetarde.com\/index.php\/wp-json\/wp\/v2\/comments?post=220260"}],"version-history":[{"count":1,"href":"https:\/\/corrientesdetarde.com\/index.php\/wp-json\/wp\/v2\/posts\/220260\/revisions"}],"predecessor-version":[{"id":220262,"href":"https:\/\/corrientesdetarde.com\/index.php\/wp-json\/wp\/v2\/posts\/220260\/revisions\/220262"}],"wp:featuredmedia":[{"embeddable":true,"href":"https:\/\/corrientesdetarde.com\/index.php\/wp-json\/wp\/v2\/media\/220261"}],"wp:attachment":[{"href":"https:\/\/corrientesdetarde.com\/index.php\/wp-json\/wp\/v2\/media?parent=220260"}],"wp:term":[{"taxonomy":"category","embeddable":true,"href":"https:\/\/corrientesdetarde.com\/index.php\/wp-json\/wp\/v2\/categories?post=220260"},{"taxonomy":"post_tag","embeddable":true,"href":"https:\/\/corrientesdetarde.com\/index.php\/wp-json\/wp\/v2\/tags?post=220260"}],"curies":[{"name":"wp","href":"https:\/\/api.w.org\/{rel}","templated":true}]}}