{"id":220268,"date":"2025-08-02T19:16:12","date_gmt":"2025-08-02T22:16:12","guid":{"rendered":"https:\/\/corrientesdetarde.com\/?p=220268"},"modified":"2025-08-02T19:16:24","modified_gmt":"2025-08-02T22:16:24","slug":"la-dpec-informa-trabajos-de-mejoras-en-capital-y-juan-pujol","status":"publish","type":"post","link":"https:\/\/corrientesdetarde.com\/index.php\/informacion-general\/la-dpec-informa-trabajos-de-mejoras-en-capital-y-juan-pujol\/","title":{"rendered":"La DPEC informa trabajos de mejoras en Capital y Juan Pujol"},"content":{"rendered":"\n<p><strong>La DPEC informa trabajos de mejoras en Capital y Juan Pujol<\/strong><\/p>\n\n\n\n<p>La Direcci\u00f3n Provincial de Energ\u00eda de Corrientes comunica que, por ejecutar diversos trabajos de mantenimiento para la mejora del servicio en Juan Pujol, Paraje S\u00e1enz Valiente y Capital, se interrumpir\u00e1 el suministro de energ\u00eda el\u00e9ctrica entre los d\u00edas domingo 3 y lunes 4 de agosto de 2025.<\/p>\n\n\n\n<p>Es por eso, que, en Juan Pujol, Paraje S\u00e1enz Valiente y zonas de influencia, la Direcci\u00f3n Provincial de Energ\u00eda de Corrientes (DPEC), ejecutar\u00e1 tareas de mantenimiento de l\u00edneas de media tensi\u00f3n y por tal motivo, interrumpir\u00e1 el suministro de energ\u00eda el\u00e9ctrica, el domingo 3 de agosto de 2025 de 07:00 a 09:00 hs.<\/p>\n\n\n\n<p>Adem\u00e1s, informa que, con motivo de realizar mejoras en el servicio, se ejecutar\u00e1n tareas de mejoras en el servicio y es por eso, que se ejecutar\u00e1n tareas de mantenimiento de L\u00edneas de Media Tensi\u00f3n, por lo cual se interrumpir\u00e1 el suministro de energ\u00eda el\u00e9ctrica en la Capital, el lunes 4 de agosto de 2025 de 08:00 a 10:00 hs, en las zonas de los barrios Bejarano, Buena Vista, Laguna Soto Sur, Golf Club y zonas de influencia.<\/p>\n\n\n\n<p>&#8212;&#8212;&#8212;&#8212;&#8212;&#8212;&#8212;&#8212;&#8212;&#8212;&#8212;&#8212;&#8212;&#8212;&#8212;&#8212;&#8212;&#8212;-<\/p>\n\n\n\n<p>SALUD P\u00daBLICA<\/p>\n\n\n\n<p><strong>El Ministerio llev\u00f3 adelante la primera jornada de Enfermedades Poco Frecuentes<\/strong><\/p>\n\n\n\n<p><em>Con un auditorio con unas 400 personas, se realiz\u00f3 un evento que busca capacitar y concientizar sobre el diagn\u00f3stico temprano. A la vez, se destac\u00f3 el avance de la Provincia en pol\u00edticas de salud.<\/em><\/p>\n\n\n\n<p>El Ministerio de Salud P\u00fablica, a cargo de Ricardo Cardozo, realiz\u00f3 la 1ra Jornada de EPOF por un Diagn\u00f3stico a Tiempo en Enfermedades Poco Frecuentes. La actividad, organiz\u00f3 la Direcci\u00f3n de Telesalud y EPOF que coordina Patricia G\u00f3mez de la Fuente, cumpliendo con los objetivos propuestos de concientizaci\u00f3n y capacitaci\u00f3n espec\u00edfica a los equipos de salud por un diagn\u00f3stico temprano.<\/p>\n\n\n\n<p>Esto se da en el marco del Programa Provincial de Enfermedades Poco frecuentes y del Programa Abordaje Integral de las Enfermedades Poco Frecuentes y, en vistas de la creaci\u00f3n del Centro de Gen\u00e9tica de la Provincia (CEGENCOR).<\/p>\n\n\n\n<p>Cabe indicar que estuvieron familias de personas con EPOF quienes participaron activamente de la jornada. La misma, inici\u00f3 poco despu\u00e9s de las 9 y finaliz\u00f3 luego del mediod\u00eda en el Auditorio Juli\u00e1n Zini. Estuvieron un total, en general, de 400 personas.<\/p>\n\n\n\n<p>Por otra parte, se record\u00f3 que son 3 m\u00f3dulos. Los siguientes dos ser\u00e1n el 4 y 19 de septiembre con un grupo de disertantes de renombre internacional.&nbsp;<\/p>\n\n\n\n<p><strong>Jornada<\/strong><\/p>\n\n\n\n<p>Al inicio del acto, G\u00f3mez de la Fuente record\u00f3 las leyes provinciales y nacionales que promueven el cuidado integral de las EPOF.<\/p>\n\n\n\n<p>\u201cEn el 2023, se cre\u00f3 la Direcci\u00f3n de Telesalud y de EPOF, gracias al apoyo del ministro Ricardo Cardozo, y a partir de ah\u00ed se elabor\u00f3 el programa provincial que fortalece ese registro -para notificar el diagn\u00f3stico de estas enfermedades- y tambi\u00e9n para incorporar la capacitaci\u00f3n continua de los equipos de salud\u201d, indic\u00f3 la funcionaria del Ministerio y agreg\u00f3 que tambi\u00e9n se busca avanzar en investigaci\u00f3n y promover la participaci\u00f3n ciudadana con asociaciones de familiar, sensibilizar y concientizar a equipos de salud pero tambi\u00e9n a la poblaci\u00f3n sobre estas patolog\u00edas.<\/p>\n\n\n\n<p>Por su parte, Cynthia Sappa, m\u00e9dica genetista e integrante del equipo del CEGENCOR, agradeci\u00f3 poder compartir este espacio y expres\u00f3 que \u201cune el deseo genuino de aprender m\u00e1s y construir redes para lograr una mayor rapidez en el diagn\u00f3stico de estas patolog\u00edas complejas\u201d. Continu\u00f3, diciendo que \u201cestos tambi\u00e9n son espacios humanos y colaborativos donde cada historia enriquece\u201d.<\/p>\n\n\n\n<p>A su turno, Viviana Gutnisky, bioqu\u00edmica e integrante del equipo del CEGENCOR, habl\u00f3 sobre el marco introductorio del Centro de Gen\u00e9tica y destac\u00f3 que \u201cCorrientes ha dado pasos decisivos en la pol\u00edtica de diagn\u00f3stico temprano\u201d. En este sentido, habl\u00f3 del trabajo de investigaci\u00f3n que realizan en cuento a la gen\u00e9tica humana en EPOF en Corrientes y de los laboratorios -en centros de salud p\u00fablicos- que se ocupan de este tema.<\/p>\n\n\n\n<p>Luego del acto de apertura, comenz\u00f3 su disertaci\u00f3n la genetista pedi\u00e1trica Romina Armando. Lo primero que hizo, fue felicitar por el auditorio lleno y por llevar adelante una jornada de este tipo.<\/p>\n\n\n\n<p>Tambi\u00e9n, se refiri\u00f3 a leyes nacionales y valor\u00f3 el auditorio heterog\u00e9neo del sal\u00f3n Juli\u00e1n Zini, donde estuvieron presentes desde estudiantes hasta reconocidos genetistas.<\/p>\n","protected":false},"excerpt":{"rendered":"<p>La DPEC informa trabajos de mejoras en Capital y Juan Pujol La Direcci\u00f3n Provincial de Energ\u00eda de Corrientes comunica que, por ejecutar diversos trabajos de mantenimiento para la mejora del&hellip; <\/p>\n","protected":false},"author":1,"featured_media":220281,"comment_status":"closed","ping_status":"open","sticky":false,"template":"","format":"standard","meta":{"footnotes":""},"categories":[1],"tags":[],"class_list":["post-220268","post","type-post","status-publish","format-standard","has-post-thumbnail","hentry","category-informacion-general"],"_links":{"self":[{"href":"https:\/\/corrientesdetarde.com\/index.php\/wp-json\/wp\/v2\/posts\/220268","targetHints":{"allow":["GET"]}}],"collection":[{"href":"https:\/\/corrientesdetarde.com\/index.php\/wp-json\/wp\/v2\/posts"}],"about":[{"href":"https:\/\/corrientesdetarde.com\/index.php\/wp-json\/wp\/v2\/types\/post"}],"author":[{"embeddable":true,"href":"https:\/\/corrientesdetarde.com\/index.php\/wp-json\/wp\/v2\/users\/1"}],"replies":[{"embeddable":true,"href":"https:\/\/corrientesdetarde.com\/index.php\/wp-json\/wp\/v2\/comments?post=220268"}],"version-history":[{"count":1,"href":"https:\/\/corrientesdetarde.com\/index.php\/wp-json\/wp\/v2\/posts\/220268\/revisions"}],"predecessor-version":[{"id":220282,"href":"https:\/\/corrientesdetarde.com\/index.php\/wp-json\/wp\/v2\/posts\/220268\/revisions\/220282"}],"wp:featuredmedia":[{"embeddable":true,"href":"https:\/\/corrientesdetarde.com\/index.php\/wp-json\/wp\/v2\/media\/220281"}],"wp:attachment":[{"href":"https:\/\/corrientesdetarde.com\/index.php\/wp-json\/wp\/v2\/media?parent=220268"}],"wp:term":[{"taxonomy":"category","embeddable":true,"href":"https:\/\/corrientesdetarde.com\/index.php\/wp-json\/wp\/v2\/categories?post=220268"},{"taxonomy":"post_tag","embeddable":true,"href":"https:\/\/corrientesdetarde.com\/index.php\/wp-json\/wp\/v2\/tags?post=220268"}],"curies":[{"name":"wp","href":"https:\/\/api.w.org\/{rel}","templated":true}]}}