{"id":220269,"date":"2025-08-02T19:14:32","date_gmt":"2025-08-02T22:14:32","guid":{"rendered":"https:\/\/corrientesdetarde.com\/?p=220269"},"modified":"2025-08-02T19:14:36","modified_gmt":"2025-08-02T22:14:36","slug":"la-municipalidad-habilito-nuevas-obras-en-la-plaza-cazadores-correntinos","status":"publish","type":"post","link":"https:\/\/corrientesdetarde.com\/index.php\/sociales\/la-municipalidad-habilito-nuevas-obras-en-la-plaza-cazadores-correntinos\/","title":{"rendered":"La Municipalidad habilit\u00f3 nuevas obras en la Plaza Cazadores Correntinos"},"content":{"rendered":"\n<p><em>Continuando con el compromiso de la gesti\u00f3n de ampliar y renovar los espacios verdes de la Capital, el intendente inaugur\u00f3\u00a0mejoras en el barrio Ciudad de Estepa.<\/em><\/p>\n\n\n\n<figure class=\"wp-block-image size-large\"><img loading=\"lazy\" decoding=\"async\" width=\"1024\" height=\"677\" src=\"https:\/\/corrientesdetarde.com\/wp-content\/uploads\/2025\/08\/image-40-1024x677.png\" alt=\"\" class=\"wp-image-220274\" srcset=\"https:\/\/corrientesdetarde.com\/wp-content\/uploads\/2025\/08\/image-40-1024x677.png 1024w, https:\/\/corrientesdetarde.com\/wp-content\/uploads\/2025\/08\/image-40-300x198.png 300w, https:\/\/corrientesdetarde.com\/wp-content\/uploads\/2025\/08\/image-40-768x508.png 768w, https:\/\/corrientesdetarde.com\/wp-content\/uploads\/2025\/08\/image-40.png 1077w\" sizes=\"auto, (max-width: 1024px) 100vw, 1024px\" \/><\/figure>\n\n\n\n<p><\/p>\n\n\n\n<p>Este viernes quedaron habilitadas las obras de puesta en valor y refuncionalizaci\u00f3n realizadas en la plaza Cazadores Correntinos, conocida tambi\u00e9n como Plaza 14 por los vecinos. Tras la intervenci\u00f3n, el lugar es hoy m\u00e1s seguro, accesible y funcional para las familias de la zona.<\/p>\n\n\n\n<p><br><br>\u201cNos propusimos renovar diez plazas en barrios importantes de la ciudad, y estamos cumpliendo con ese compromiso\u201d, afirm\u00f3 el intendente Eduardo Tassano en la ocasi\u00f3n. El jefe comunal estuvo acompa\u00f1ado de funcionarios municipales y del ministro de Obras P\u00fablicas y actual candidato a intendente, Claudio Poilich.\u00a0<br><br>En este espacio, ubicado en el Barrio Ciudad de Estepa (Mil Viviendas), se implement\u00f3 nueva iluminaci\u00f3n LED, se coloc\u00f3 piso de caucho, juegos, cestos de basura, bancos, rampas y veredas nuevas.\u00a0<br><br>Las obras forman parte del Plan de Plazas ejecutado desde el municipio en la actual gesti\u00f3n con el objetivo de que los ciudadanos puedan disfrutar al aire libre de diversas actividades. \u201cLos espacios p\u00fablicos son puntos de encuentro donde las familias pueden disfrutar y apropiarse del lugar\u201d, valor\u00f3 el intendente.\u00a0<br><br>Para concluir, agreg\u00f3: \u201cA una ciudad la hacen sus \u00a0habitantes, y los habitantes se encuentran en los espacios p\u00fablicos\u201d.\u00a0<br><br>POL\u00cdTICAS QUE TRANSFORMAN<br><br>\u201cEsta es una actividad que la hace la Municipalidad y nosotros, desde nuestra propuesta electoral, tenemos que continuar con esta sinergia positiva entre el gobierno provincial y el gobierno municipal\u201d, asegur\u00f3 Claudio Polich en el lugar.\u00a0<br><br>En este sentido, ratific\u00f3 que el objetivo es continuar con este tipo de pol\u00edticas: \u201cEsto va a continuar. Tenemos que parquizar, iluminar, mejorar cada vez m\u00e1s nuestros espacios p\u00fablicos\u201d,enfatiz\u00f3 el actual candidato.<br><br>INVERSI\u00d3N QUE VUELVE A LOS VECINOS<br><br>Mathias Cabrera, secretario de Infraestructura, valor\u00f3 la inversi\u00f3n de recursos en este tipo de mejoras desde el Estado municipal y provincial. \u201cTransformamos por completo este espacio p\u00fablico que estaba totalmente destruido&#8221;, asegur\u00f3.\u00a0<br><br>\u201cEsta plaza, en el coraz\u00f3n del barrio Mil Viviendas, es hoy un lugar muy concurrido por las familias. Para la gesti\u00f3n, renovar los espacios p\u00fablicos es una pol\u00edtica de Estado que lleg\u00f3 para quedarse\u201d, cerr\u00f3 Mathias Cabrera.<br><br>Por su parte, M\u00f3nica Centuri\u00f3n, vecina de la zona, destac\u00f3: \u201cMuy buena la transformaci\u00f3n, la Municipalidad hizo un trabajo excelente. Ahora est\u00e1 todo iluminado, lo que antes no ten\u00edamos\u201d.\u00a0<br><br>\u201cLa ciudad est\u00e1 muy linda, muy transformada. Se nota el trabajo que realizaron: hay m\u00e1s luz, las calles de tierra tienen ripio, las otras est\u00e1n asfaltadas, eso es muy bueno\u201d, sostuvo la vecina.\u00a0<\/p>\n\n\n\n<figure class=\"wp-block-image size-large\"><img loading=\"lazy\" decoding=\"async\" width=\"1024\" height=\"691\" src=\"https:\/\/corrientesdetarde.com\/wp-content\/uploads\/2025\/08\/image-42-1024x691.png\" alt=\"\" class=\"wp-image-220276\" srcset=\"https:\/\/corrientesdetarde.com\/wp-content\/uploads\/2025\/08\/image-42-1024x691.png 1024w, https:\/\/corrientesdetarde.com\/wp-content\/uploads\/2025\/08\/image-42-300x202.png 300w, https:\/\/corrientesdetarde.com\/wp-content\/uploads\/2025\/08\/image-42-768x518.png 768w, https:\/\/corrientesdetarde.com\/wp-content\/uploads\/2025\/08\/image-42.png 1067w\" sizes=\"auto, (max-width: 1024px) 100vw, 1024px\" \/><\/figure>\n","protected":false},"excerpt":{"rendered":"<p>Continuando con el compromiso de la gesti\u00f3n de ampliar y renovar los espacios verdes de la Capital, el intendente inaugur\u00f3\u00a0mejoras en el barrio Ciudad de Estepa. Este viernes quedaron habilitadas&hellip; <\/p>\n","protected":false},"author":1,"featured_media":220275,"comment_status":"closed","ping_status":"open","sticky":false,"template":"","format":"standard","meta":{"footnotes":""},"categories":[17],"tags":[],"class_list":["post-220269","post","type-post","status-publish","format-standard","has-post-thumbnail","hentry","category-sociales"],"_links":{"self":[{"href":"https:\/\/corrientesdetarde.com\/index.php\/wp-json\/wp\/v2\/posts\/220269","targetHints":{"allow":["GET"]}}],"collection":[{"href":"https:\/\/corrientesdetarde.com\/index.php\/wp-json\/wp\/v2\/posts"}],"about":[{"href":"https:\/\/corrientesdetarde.com\/index.php\/wp-json\/wp\/v2\/types\/post"}],"author":[{"embeddable":true,"href":"https:\/\/corrientesdetarde.com\/index.php\/wp-json\/wp\/v2\/users\/1"}],"replies":[{"embeddable":true,"href":"https:\/\/corrientesdetarde.com\/index.php\/wp-json\/wp\/v2\/comments?post=220269"}],"version-history":[{"count":1,"href":"https:\/\/corrientesdetarde.com\/index.php\/wp-json\/wp\/v2\/posts\/220269\/revisions"}],"predecessor-version":[{"id":220277,"href":"https:\/\/corrientesdetarde.com\/index.php\/wp-json\/wp\/v2\/posts\/220269\/revisions\/220277"}],"wp:featuredmedia":[{"embeddable":true,"href":"https:\/\/corrientesdetarde.com\/index.php\/wp-json\/wp\/v2\/media\/220275"}],"wp:attachment":[{"href":"https:\/\/corrientesdetarde.com\/index.php\/wp-json\/wp\/v2\/media?parent=220269"}],"wp:term":[{"taxonomy":"category","embeddable":true,"href":"https:\/\/corrientesdetarde.com\/index.php\/wp-json\/wp\/v2\/categories?post=220269"},{"taxonomy":"post_tag","embeddable":true,"href":"https:\/\/corrientesdetarde.com\/index.php\/wp-json\/wp\/v2\/tags?post=220269"}],"curies":[{"name":"wp","href":"https:\/\/api.w.org\/{rel}","templated":true}]}}