{"id":220270,"date":"2025-08-02T19:13:18","date_gmt":"2025-08-02T22:13:18","guid":{"rendered":"https:\/\/corrientesdetarde.com\/?p=220270"},"modified":"2025-08-02T19:13:30","modified_gmt":"2025-08-02T22:13:30","slug":"vamos-corrientes-redoblo-su-apuesta-de-modernizar-la-capital","status":"publish","type":"post","link":"https:\/\/corrientesdetarde.com\/index.php\/politica\/vamos-corrientes-redoblo-su-apuesta-de-modernizar-la-capital\/","title":{"rendered":"Vamos Corrientes redobl\u00f3 su apuesta de modernizar la Capital"},"content":{"rendered":"\n<p>Vamos Corrientes realiz\u00f3 este viernes un multitudinario acto en el barrio Laguna Seca, donde redoblaron la apuesta de &#8220;modernizar&#8221; la ciudad Capital. All\u00ed afirmaron que el entendimiento entre el gobernador Gustavo Vald\u00e9s y el intendente Eduardo Tassano logr\u00f3 una &#8220;reparaci\u00f3n hist\u00f3rica&#8221;, pavimentando cerca de 2.700 cuadras en siete a\u00f1os. Y que de esta forma dejaron &#8220;la vara muy alta&#8221; y que ahora, los candidatos a conducir las respectivas administraciones, Juan Pablo Vald\u00e9s y Claudio Polich avanzar\u00e1n asimismo con el asfaltado de otras dos mil cuadras en los pr\u00f3ximos cuatro a\u00f1os.<\/p>\n\n\n\n<p><\/p>\n\n\n\n<figure class=\"wp-block-image size-full\"><img loading=\"lazy\" decoding=\"async\" width=\"925\" height=\"591\" src=\"https:\/\/corrientesdetarde.com\/wp-content\/uploads\/2025\/08\/image-38.png\" alt=\"\" class=\"wp-image-220271\" srcset=\"https:\/\/corrientesdetarde.com\/wp-content\/uploads\/2025\/08\/image-38.png 925w, https:\/\/corrientesdetarde.com\/wp-content\/uploads\/2025\/08\/image-38-300x192.png 300w, https:\/\/corrientesdetarde.com\/wp-content\/uploads\/2025\/08\/image-38-768x491.png 768w\" sizes=\"auto, (max-width: 925px) 100vw, 925px\" \/><\/figure>\n\n\n\n<p><\/p>\n\n\n\n<p>El acto de Vamos Corrientes se desarroll\u00f3 durante la noche de este viernes en el polideportivo ubicado en Larrea y Resoagli, frente al Colegio Illia. Hasta all\u00ed se convoc\u00f3 una multitud de simpatizantes de los partidos integrantes del frente gobernante y vecinos del lugar, quienes escucharon las propuestas que los candidatos expresaron con contundentes discursos.&nbsp;<\/p>\n\n\n\n<p>Una de las primeras en tomar la palabra, fue la concejal Melisa&nbsp;Mecca, quien va por su reelecci\u00f3n, asegurando que &#8220;conocemos la ciudad, porque la caminamos, mientras otros s\u00f3lo mienten y nosotros brindamos respuestas con un equipo en funcionamiento que tiene en el Concejo Deliberante una defensa legislativa liderada por nuestro presidente, Marcos Amarilla, con quien trabajamos los concejales de Vamos Corrientes para brindar las normas que los vecinos necesitan para que las obras lleguen a sus barrios, gracias al trabajo en conjunto del intendente Eduardo Tassano y el gobernador Gustavo Vald\u00e9s, dejando la vara muy alta para la pr\u00f3xima gesti\u00f3n&#8221;.<\/p>\n\n\n\n<p><strong>Juan Pablo Vald\u00e9s<\/strong><\/p>\n\n\n\n<p>Luego, el candidato a gobernador de Vamos Corrientes recogi\u00f3 el guante y respondi\u00f3 que &#8220;la concejal Mecca dijo que nos dejan la vara muy alta y quiero reconocer que eso es muy cierto y me comprometo a trabajar con Claudio Polich y Ariel B\u00e1ez para estar a la altura y superar esa vara&#8221;. Agreg\u00f3 que &#8220;en este tiempo de campa\u00f1a venimos visitando muchos barrios de la Capital y lo podemos hacer, porque hace siete a\u00f1os y medio se viene trabajando en toda la ciudad&#8221;.&nbsp;<\/p>\n\n\n\n<p>As\u00ed fue que Juan Pablo Vald\u00e9s se comprometi\u00f3: &#8220;Quiero que se tenga muy presente que tenemos que seguir trabajando alineados, con Caludio Polich y Ariel Baez en la intendencia, con todos los equipos municipales y provinciales trabajando juntos para el desarrollo de la Capital. Nosotros lo vamos a hacer, porque tenemos la fuerza y el equipo, la experiencia y un plan claro: desarrollar y hacer grande a esta provincia&#8221;.<\/p>\n\n\n\n<p><strong>Claudio Polich<\/strong><\/p>\n\n\n\n<p>Mientras que Claudio Polich expres\u00f3: &#8220;Nos comprometemos que en la pr\u00f3xima gesti\u00f3n vamos a hacer dos mil cuadras de pavimento, continuando las obras de infraestructura que llev\u00f3 modernizaci\u00f3n a todos los barrios de Corrientes y no s\u00f3lo en las calles, tambi\u00e9n en los espacios p\u00fablicos para que las familias puedan disfrutar, como en las m\u00e1s de 60 plazas que se intervinieron&#8221;.<\/p>\n\n\n\n<p>En ese contexto, el ministro de Obras P\u00fablicas y candidato a intendente remarc\u00f3 que &#8220;estamos esta noche en el coraz\u00f3n geogr\u00e1fico de la ciudad de Corrientes y ac\u00e1 siempre es impresionante la cantidad de gente que acude a los actos de Vamos Corrientes.&nbsp;Esto&nbsp;tiene que ver con la expectativa que tiene la gente con una alternativa&nbsp;electoral que trabaj\u00f3 m\u00e1s de siete a\u00f1os para poder transformar esta ciudad, todos sabemos que en conjunto aparecieron las soluciones y la propuesta&nbsp;es que sigamos construyendo juntos la ciudad que queremos. Sabemos que concretamos mucho, pero tambi\u00e9n que falta mucho. Sabemos c\u00f3mo hacerlo y tenemos los equipos y la voluntad&#8221;.<\/p>\n\n\n\n<p><strong>Gustavo Vald\u00e9s<\/strong><\/p>\n\n\n\n<p>Al respecto, el gobernador y candidato a senador, Gustavo Vald\u00e9s dijo que &#8220;nosotros no queremos volver a ver una pelea del Gobernador contra los capitalinos, porque durante mucho tiempo el Gobierno provincial le daba la espalda a la Capital. En 2017 cuando salimos a pedir con Eduardo Tassano el voto de los capitalinos, ten\u00edamos que saltar zanjas con agua servida y hoy podemos decir que juntos hicimos m\u00e1s de 2.600 cuadras de pavimento y as\u00ed le dimos dignidad a este pueblo de la provincia de Corrientes, por eso le pido a Juan Pablo y Claudio que sigan nuestro ejemplo&#8221;. Y asegur\u00f3 que &#8220;Eduardo y yo ahora vamos a estar en la Legislatura y desde ah\u00ed vamos a ser los garantes de que la gesti\u00f3n de Juan Pablo y de Claudio sean mucho mejor que la nuestra&#8221;.<\/p>\n\n\n\n<p><strong>Eduardo Tassano<\/strong><\/p>\n\n\n\n<p>Por su parte, el intendente y candidato a diputado, Eduardo Tassano se\u00f1al\u00f3 que &#8220;esta plaza en la que hoy estamos en Laguna Seca es parte de la Reparaci\u00f3n Hist\u00f3rica que Gustavo Vald\u00e9s se comprometi\u00f3 con la Capital, con un equipo de trabajo conducido por Claudio Polich como ministro de Obras P\u00fablicas, por eso ahora es la persona m\u00e1s adecuada para seguir transformando esta ciudad&#8221;. Luego consider\u00f3 que &#8220;tenemos innumerables obras para demostrar que los capitalinos mejoraron su calidad de vida. Ahora voy a formar parte del equipo legislativo de Vamos Corrientes para que Juan Pablo Vald\u00e9s siga transformando toda la provincia&#8221;.&nbsp;<\/p>\n\n\n\n<p><strong>Carlos Esp\u00ednola<\/strong><\/p>\n\n\n\n<p>Tambi\u00e9n estuvo entre los oradores de la noche, el senador nacional Carlos Esp\u00ednola, afirmando que &#8220;como exintendente&nbsp;yo vi el desarrollo y crecimiento que tuvo esta ciudad en los \u00faltimos a\u00f1os y esto se dio porque hubo un gobernador como Gustavo Vald\u00e9s que entendi\u00f3 que la Provincia deb\u00eda involucrarse en la Capital y un intendente como Eduardo Tassano que deb\u00eda trabajar en conjunto por encima de los intereses personales&#8221;. Y aclar\u00f3: &#8220;Quiero decir que con Gustavo Vald\u00e9s siempre hablamos, porque entendemos&nbsp;que la pol\u00edtica no se trata de agraviar y el pueblo le tiene que decir basta a eso, porque ese no es el camino que queremos para nuestra provincia ni el pa\u00eds&#8221;.<\/p>\n\n\n\n<p><strong>Ariel B\u00e1ez<\/strong><\/p>\n\n\n\n<p>Por su parte, Ariel B\u00e1ez reconoci\u00f3 que &#8220;presentarme como candidato a viceintendente para m\u00ed es un desaf\u00edo muy grande y que asumo con mucha responsabilidad y es tambi\u00e9n un gran orgullo compartir f\u00f3rmula con un gran candidato como es Claudio Polich, quien sin duda fue fundamental en la Reparaci\u00f3n Hist\u00f3rica de la Capital. Ahora nosotros tenemos el compromiso de continuar esa responsabilidad poniendo nuestro propio sello para superar lo que se hizo: m\u00e1s de seis mil calles intervenidas, entre pavimentaci\u00f3n, cord\u00f3n cuneta y ripio, con el 90 por ciento de luz led en todas las calles y el 80 por ciento de todas las obras en los barrios&#8221;.&nbsp;<\/p>\n\n\n\n<p>&#8220;Pero nuestra gesti\u00f3n tambi\u00e9n estar\u00e1 basada en la humanidad, nosotros vamos a responder a la cultura, porque es nuestra identidad y tambi\u00e9n a los m\u00e1s vulnerables, porque nuestro equipo tiene sensibilidad. Eso es lo que nos diferencia de los dem\u00e1s: tenemos coraz\u00f3n&#8221;, afirm\u00f3 el diputado provincial e integrante de Los Alonsitos.<\/p>\n\n\n\n<p>Tambi\u00e9n fueron oradores en este acto, los candidatos: a diputados, Mario Branz, Hugo Calvano, Sof\u00eda Brambilla y Andrea Giotta; a concejales, Emilio Lanari, Gabriela Gauna y Camila Maidana Roa.<\/p>\n","protected":false},"excerpt":{"rendered":"<p>Vamos Corrientes realiz\u00f3 este viernes un multitudinario acto en el barrio Laguna Seca, donde redoblaron la apuesta de &#8220;modernizar&#8221; la ciudad Capital. All\u00ed afirmaron que el entendimiento entre el gobernador&hellip; <\/p>\n","protected":false},"author":1,"featured_media":220272,"comment_status":"closed","ping_status":"open","sticky":false,"template":"","format":"standard","meta":{"footnotes":""},"categories":[26,3],"tags":[],"class_list":["post-220270","post","type-post","status-publish","format-standard","has-post-thumbnail","hentry","category-destacados","category-politica"],"_links":{"self":[{"href":"https:\/\/corrientesdetarde.com\/index.php\/wp-json\/wp\/v2\/posts\/220270","targetHints":{"allow":["GET"]}}],"collection":[{"href":"https:\/\/corrientesdetarde.com\/index.php\/wp-json\/wp\/v2\/posts"}],"about":[{"href":"https:\/\/corrientesdetarde.com\/index.php\/wp-json\/wp\/v2\/types\/post"}],"author":[{"embeddable":true,"href":"https:\/\/corrientesdetarde.com\/index.php\/wp-json\/wp\/v2\/users\/1"}],"replies":[{"embeddable":true,"href":"https:\/\/corrientesdetarde.com\/index.php\/wp-json\/wp\/v2\/comments?post=220270"}],"version-history":[{"count":1,"href":"https:\/\/corrientesdetarde.com\/index.php\/wp-json\/wp\/v2\/posts\/220270\/revisions"}],"predecessor-version":[{"id":220273,"href":"https:\/\/corrientesdetarde.com\/index.php\/wp-json\/wp\/v2\/posts\/220270\/revisions\/220273"}],"wp:featuredmedia":[{"embeddable":true,"href":"https:\/\/corrientesdetarde.com\/index.php\/wp-json\/wp\/v2\/media\/220272"}],"wp:attachment":[{"href":"https:\/\/corrientesdetarde.com\/index.php\/wp-json\/wp\/v2\/media?parent=220270"}],"wp:term":[{"taxonomy":"category","embeddable":true,"href":"https:\/\/corrientesdetarde.com\/index.php\/wp-json\/wp\/v2\/categories?post=220270"},{"taxonomy":"post_tag","embeddable":true,"href":"https:\/\/corrientesdetarde.com\/index.php\/wp-json\/wp\/v2\/tags?post=220270"}],"curies":[{"name":"wp","href":"https:\/\/api.w.org\/{rel}","templated":true}]}}