{"id":220286,"date":"2025-08-02T20:50:27","date_gmt":"2025-08-02T23:50:27","guid":{"rendered":"https:\/\/corrientesdetarde.com\/?p=220286"},"modified":"2025-08-02T20:50:38","modified_gmt":"2025-08-02T23:50:38","slug":"vamos-corrientes-aseguro-que-sacara-a-paso-de-los-libres-del-estancamiento-de-la-actual-gestion-municipal","status":"publish","type":"post","link":"https:\/\/corrientesdetarde.com\/index.php\/eventossociedad\/vamos-corrientes-aseguro-que-sacara-a-paso-de-los-libres-del-estancamiento-de-la-actual-gestion-municipal\/","title":{"rendered":"Vamos Corrientes asegur\u00f3 que sacar\u00e1 a Paso de los Libres del &#8220;estancamiento&#8221; de la actual gesti\u00f3n municipal"},"content":{"rendered":"\n<p>Vamos Corrientes realiz\u00f3 este jueves un multitudinario acto de campa\u00f1a en Paso de los Libres, donde aseguraron que con Juan Pablo Vald\u00e9s como gobernador y Agust\u00edn Faraldo como intendente, la ciudad\u00a0se va a &#8220;modernizar&#8221;, porque &#8220;hace m\u00e1s de ocho a\u00f1os est\u00e1 estancada&#8221;. Planificaci\u00f3n urbana, viviendas y asfalto, prometieron en la ocasi\u00f3n, entre otras obras, y remarcaron las que actualmente est\u00e1 haciendo all\u00ed la Provincia supliendo a la Naci\u00f3n, como la Ruta Nacional 117, aspirando a igual accionar con el Puente Internacional y el Complejo Terminal de Cargas.\u00a0<\/p>\n\n\n\n<p><\/p>\n\n\n\n<p>El acto se desarroll\u00f3 por la noche en el Club N\u00e1utico, donde adem\u00e1s a de f\u00f3rmula a la intendencia de Agust\u00edn Faraldo &#8211; Ana Mi\u00f1o, presentaron a los candidatos a concejales: Florencia Piedrabuena, Gast\u00f3n Ojeda, Florencia Montani, Fernando N\u00fa\u00f1ez, &#8220;Goia&#8221; Danuzzo, Mat\u00edas Almeida y Susana Espinoza. Tambi\u00e9n se destacaron la presencia sobre el escenario de los senadores nacionales Eduardo Vischi y Carlos Esp\u00ednola, junto a los candidatos a legisladores provinciales.<\/p>\n\n\n\n<p>El cierre de los discursos qued\u00f3 en manos del gobernador y candidato a senador Gustavo Vald\u00e9s, quien agradeci\u00f3 &#8220;la presencia de Camau Esp\u00ednola, ex candidato a gobernador que hoy decidimos caminar juntos, porque nunca nos agraviamos y eso nos permite juntarnos cuando estamos en peligro frente al centralismo, tenemos que defender el federalismo poni\u00e9ndonos de pie los provincianos, por eso construimos este espacio plural&#8221;.&nbsp;<\/p>\n\n\n\n<p>El mandatario cuestion\u00f3, por otra parte, al intendente de Paso de los Libres y candidato a gobernador, Mart\u00edn Asc\u00faa por ser parte del &#8220;populismo m\u00e1s corrupto de la historia argentina&#8221;, y dijo que si gana la demanda civil que le inici\u00f3 por calumnias e injurias, lo que resulte del fallo lo donar\u00e1 a la comunidad libre\u00f1a. Y denunci\u00f3 que &#8220;el kirchnerismo no hizo nada por Paso de los Libres&#8221;, remarcando que el Gobierno de Corrientes se hizo cargo de obras nacionales en la localidad, como los asfaltados de la Ruta Nacional 117 y el Puente Internacional con Uruguayana, Brasil y asegur\u00f3 que si la Naci\u00f3n le permite, la Provincia tambi\u00e9n se har\u00e1 cargo de refaccionar el Complejo terminal de Cargas (CoTeCar).<\/p>\n\n\n\n<p>Antes, tom\u00f3 la palabra el candidato a gobernador Juan Pablo Vald\u00e9s, asegurando que\u00a0&#8220;vamos a continuar desarrollando el parque industrial de Paso de los Libres con Agust\u00edn Faraldo para que las empresas contin\u00faen instal\u00e1ndose. Nosotros vamos a continuar la transformaci\u00f3n de la provincia con una nueva etapa y este experimentado equipo. Yo invito a todos los libre\u00f1os a que se sumen a esta nueva generaci\u00f3n que escucha a los vecinos, trabajando unidos y manteniendo la paz social&#8221;.<\/p>\n\n\n\n<figure class=\"wp-block-image size-full\"><img loading=\"lazy\" decoding=\"async\" width=\"833\" height=\"596\" src=\"https:\/\/corrientesdetarde.com\/wp-content\/uploads\/2025\/08\/image-49.png\" alt=\"\" class=\"wp-image-220292\" srcset=\"https:\/\/corrientesdetarde.com\/wp-content\/uploads\/2025\/08\/image-49.png 833w, https:\/\/corrientesdetarde.com\/wp-content\/uploads\/2025\/08\/image-49-300x215.png 300w, https:\/\/corrientesdetarde.com\/wp-content\/uploads\/2025\/08\/image-49-768x549.png 768w\" sizes=\"auto, (max-width: 833px) 100vw, 833px\" \/><\/figure>\n\n\n\n<p>Por su parte, el senador nacional Eduardo Vischi dijo que &#8220;estamos ac\u00e1 en mi ciudad, en la frontera y por eso tiene sus condimentos, Paso de los Libres es una ciudad dividida en dos, la parte c\u00e9ntrica y la de los barrios y en los \u00faltimos a\u00f1os hubo mucha falta de planificaci\u00f3n, porque tiene una falta de conducci\u00f3n y hoy los libre\u00f1os est\u00e1n muy decepcionados con la gesti\u00f3n actual del municipio. Pero lo peor de todo es que quien no supo estar ac\u00e1 a la altura de las circunstancias, hoy quiere ser gobernador. Y lo \u00fanico importante que se hizo ac\u00e1, lo hizo la Provincia, como el acceso a la ciudad, el hospital &#8220;San Jos\u00e9, el asilo de ancianos y muchas otras obras, pero necesitamos que nos enganchemos al resto de la provincia, como el resto de las ciudades que se transformaron de la mano del Gobierno provincial. Necesitamos un trabajo articulado y lo vamos a lograr porque sabemos que Juan Pablo va a ser el gobernador y con Agust\u00edn Faraldo le van a dar ese empuje que le falta a Paso de los Libres&#8221;.<\/p>\n\n\n\n<p>En tanto, el candidato a intendente Agust\u00edn Faraldo, expres\u00f3 que &#8220;vengo con la responsabilidad de salvar a Paso de los Libres con este equipo que viene a hacer las cosas, no a prometer espejitos de colores. Nosotros vamos a hacer las cosas que hacen falta en Paso de los Libres junto a Juan Pablo Vald\u00e9s: vamos a hacer 300 cuadras de asfalto y tambi\u00e9n viviendas, porque este equipo no viene a mentir. Yo no quiero entrar en chicana, pero el actual intendente de nuestra ciudad dice que va a limpiar la provincia, por eso tengo ah\u00ed atr\u00e1s una escoba para que empiece por Paso de los Libres. Esta gente se tiene que ir porque le rob\u00f3 el sue\u00f1o a muchos libre\u00f1os, con los que m\u00e1s necesitan nunca estuvo. Nosotros vamos a cambiar todo eso, porque tenemos el mejor equipo de la historia para Paso de los Libres y para toda la provincia. Tenemos que modernizar nuestra ciudad que hace m\u00e1s de ocho a\u00f1os est\u00e1 estancada, por eso les pido a los libre\u00f1os que este 31 de agosto reventemos las urnas, vamos Corrientes, vamos Paso de los Libres&#8221;.<\/p>\n","protected":false},"excerpt":{"rendered":"<p>Vamos Corrientes realiz\u00f3 este jueves un multitudinario acto de campa\u00f1a en Paso de los Libres, donde aseguraron que con Juan Pablo Vald\u00e9s como gobernador y Agust\u00edn Faraldo como intendente, la&hellip; <\/p>\n","protected":false},"author":1,"featured_media":220291,"comment_status":"closed","ping_status":"open","sticky":false,"template":"","format":"standard","meta":{"footnotes":""},"categories":[1208],"tags":[],"class_list":["post-220286","post","type-post","status-publish","format-standard","has-post-thumbnail","hentry","category-eventossociedad"],"_links":{"self":[{"href":"https:\/\/corrientesdetarde.com\/index.php\/wp-json\/wp\/v2\/posts\/220286","targetHints":{"allow":["GET"]}}],"collection":[{"href":"https:\/\/corrientesdetarde.com\/index.php\/wp-json\/wp\/v2\/posts"}],"about":[{"href":"https:\/\/corrientesdetarde.com\/index.php\/wp-json\/wp\/v2\/types\/post"}],"author":[{"embeddable":true,"href":"https:\/\/corrientesdetarde.com\/index.php\/wp-json\/wp\/v2\/users\/1"}],"replies":[{"embeddable":true,"href":"https:\/\/corrientesdetarde.com\/index.php\/wp-json\/wp\/v2\/comments?post=220286"}],"version-history":[{"count":1,"href":"https:\/\/corrientesdetarde.com\/index.php\/wp-json\/wp\/v2\/posts\/220286\/revisions"}],"predecessor-version":[{"id":220293,"href":"https:\/\/corrientesdetarde.com\/index.php\/wp-json\/wp\/v2\/posts\/220286\/revisions\/220293"}],"wp:featuredmedia":[{"embeddable":true,"href":"https:\/\/corrientesdetarde.com\/index.php\/wp-json\/wp\/v2\/media\/220291"}],"wp:attachment":[{"href":"https:\/\/corrientesdetarde.com\/index.php\/wp-json\/wp\/v2\/media?parent=220286"}],"wp:term":[{"taxonomy":"category","embeddable":true,"href":"https:\/\/corrientesdetarde.com\/index.php\/wp-json\/wp\/v2\/categories?post=220286"},{"taxonomy":"post_tag","embeddable":true,"href":"https:\/\/corrientesdetarde.com\/index.php\/wp-json\/wp\/v2\/tags?post=220286"}],"curies":[{"name":"wp","href":"https:\/\/api.w.org\/{rel}","templated":true}]}}