{"id":220297,"date":"2025-08-03T09:24:31","date_gmt":"2025-08-03T12:24:31","guid":{"rendered":"https:\/\/corrientesdetarde.com\/?p=220297"},"modified":"2025-08-03T09:24:35","modified_gmt":"2025-08-03T12:24:35","slug":"villarruel-en-saladas-cabral-no-es-una-estatua-de-marmol-es-un-ejemplo-vivo","status":"publish","type":"post","link":"https:\/\/corrientesdetarde.com\/index.php\/informacion-general\/villarruel-en-saladas-cabral-no-es-una-estatua-de-marmol-es-un-ejemplo-vivo\/","title":{"rendered":"Villarruel en Saladas: \u201cCabral no es una estatua de m\u00e1rmol, es un ejemplo vivo&#8221;"},"content":{"rendered":"\n<p>La ciudad correntina de Saladas vivi\u00f3 este fin de semana un acto hist\u00f3rico: l<strong>a restituci\u00f3n de los restos del Sargento Juan Bautista Cabral, h\u00e9roe de la independencia argentina, nacido en esa localidad.<\/strong>\u00a0El evento cont\u00f3 con la participaci\u00f3n de autoridades nacionales y provinciales, y tuvo entre sus principales oradoras a la vicepresidenta de la Naci\u00f3n, Victoria Villarruel.<\/p>\n\n\n\n<p><\/p>\n\n\n\n<p>Durante su intervenci\u00f3n, Villarruel resalt\u00f3 la figura de Cabral como un s\u00edmbolo nacional vigente:<\/p>\n\n\n\n<p><strong>\u201cEl Sargento Cabral no es una estatua de m\u00e1rmol o una cita en un libro de historia, es un ejemplo vivo que conmueve a cada nueva generaci\u00f3n de argentinos\u201d, expres\u00f3.<\/strong><\/p>\n\n\n\n<p>Tambi\u00e9n record\u00f3 su gesto heroico en el combate de San Lorenzo, donde dio la vida por su general, Jos\u00e9 de San Mart\u00edn, y por la causa de la independencia.<\/p>\n\n\n\n<p><strong>\u201cSu gesto \u2014dar la vida por el otro o por una causa que nos trasciende\u2014 es un mensaje poderoso que resuena hoy con la misma fuerza que hace m\u00e1s de dos siglos\u201d, afirm\u00f3.<\/strong><\/p>\n\n\n\n<p>Villarruel calific\u00f3 el homenaje y la custodia de sus restos en Saladas como<strong>&nbsp;&#8220;actos de justicia hist\u00f3rica que reafirman los valores profundos que dieron origen a nuestra naci\u00f3n&#8221;.<\/strong><\/p>\n\n\n\n<h3 class=\"wp-block-heading\">\u201cUn llamado al compromiso y al servicio\u201d<\/h3>\n\n\n\n<p>La vicepresidenta tambi\u00e9n dirigi\u00f3 un mensaje a quienes ejercen responsabilidades p\u00fablicas y a las nuevas generaciones:<\/p>\n\n\n\n<p><strong>\u201cPara quienes tenemos el privilegio de servir a nuestro pueblo, la entrega del Sargento Cabral es un llamado a poner lo mejor de nosotros. Con coraje y sin esperar recompensa. Con austeridad, patriotismo y en silencio. Trabajando por y para los argentinos\u201d.<\/strong><\/p>\n\n\n\n<h3 class=\"wp-block-heading\">&nbsp;Cabral ten\u00eda solo 23 a\u00f1os cuando muri\u00f3 en combate<\/h3>\n\n\n\n<p>\u201cSu entrega conmueve por su generosidad, entrega y amor a esta Naci\u00f3n argentina que no lleg\u00f3 a conocer, porque se nutri\u00f3 con su sangre\u201d.<\/p>\n\n\n\n<p>En un tono reflexivo, invit\u00f3 a los presentes a reconocer en Cabral una representaci\u00f3n de la identidad profunda del pa\u00eds:<\/p>\n\n\n\n<p><strong>\u201cMiremos en los ojos y en la tez morena de Cabral la argentinidad escondida que puja por salir y que nos compele a ser los h\u00e9roes an\u00f3nimos que la patria necesita en estos momentos donde la identidad nacional parece diluirse\u201d.<\/strong><\/p>\n\n\n\n<p>Finalmente, concluy\u00f3 su discurso con un mensaje esperanzador: \u201cEste traslado es un paso m\u00e1s hacia la ansiada gran Naci\u00f3n Argentina que estamos llamados a recuperar\u201d.<br>&nbsp;<\/p>\n","protected":false},"excerpt":{"rendered":"<p>La ciudad correntina de Saladas vivi\u00f3 este fin de semana un acto hist\u00f3rico: la restituci\u00f3n de los restos del Sargento Juan Bautista Cabral, h\u00e9roe de la independencia argentina, nacido en&hellip; <\/p>\n","protected":false},"author":1,"featured_media":220303,"comment_status":"closed","ping_status":"open","sticky":false,"template":"","format":"standard","meta":{"footnotes":""},"categories":[1],"tags":[],"class_list":["post-220297","post","type-post","status-publish","format-standard","has-post-thumbnail","hentry","category-informacion-general"],"_links":{"self":[{"href":"https:\/\/corrientesdetarde.com\/index.php\/wp-json\/wp\/v2\/posts\/220297","targetHints":{"allow":["GET"]}}],"collection":[{"href":"https:\/\/corrientesdetarde.com\/index.php\/wp-json\/wp\/v2\/posts"}],"about":[{"href":"https:\/\/corrientesdetarde.com\/index.php\/wp-json\/wp\/v2\/types\/post"}],"author":[{"embeddable":true,"href":"https:\/\/corrientesdetarde.com\/index.php\/wp-json\/wp\/v2\/users\/1"}],"replies":[{"embeddable":true,"href":"https:\/\/corrientesdetarde.com\/index.php\/wp-json\/wp\/v2\/comments?post=220297"}],"version-history":[{"count":1,"href":"https:\/\/corrientesdetarde.com\/index.php\/wp-json\/wp\/v2\/posts\/220297\/revisions"}],"predecessor-version":[{"id":220306,"href":"https:\/\/corrientesdetarde.com\/index.php\/wp-json\/wp\/v2\/posts\/220297\/revisions\/220306"}],"wp:featuredmedia":[{"embeddable":true,"href":"https:\/\/corrientesdetarde.com\/index.php\/wp-json\/wp\/v2\/media\/220303"}],"wp:attachment":[{"href":"https:\/\/corrientesdetarde.com\/index.php\/wp-json\/wp\/v2\/media?parent=220297"}],"wp:term":[{"taxonomy":"category","embeddable":true,"href":"https:\/\/corrientesdetarde.com\/index.php\/wp-json\/wp\/v2\/categories?post=220297"},{"taxonomy":"post_tag","embeddable":true,"href":"https:\/\/corrientesdetarde.com\/index.php\/wp-json\/wp\/v2\/tags?post=220297"}],"curies":[{"name":"wp","href":"https:\/\/api.w.org\/{rel}","templated":true}]}}