{"id":220299,"date":"2025-08-03T08:09:49","date_gmt":"2025-08-03T11:09:49","guid":{"rendered":"https:\/\/corrientesdetarde.com\/?p=220299"},"modified":"2025-08-03T08:10:00","modified_gmt":"2025-08-03T11:10:00","slug":"la-unidad-abre-sus-puertas-para-un-recorrido-especial-antes-de-su-inauguracion","status":"publish","type":"post","link":"https:\/\/corrientesdetarde.com\/index.php\/informacion-general\/la-unidad-abre-sus-puertas-para-un-recorrido-especial-antes-de-su-inauguracion\/","title":{"rendered":"La Unidad abre sus puertas para un recorrido especial antes de su inauguraci\u00f3n"},"content":{"rendered":"\n<p>No ser\u00e1 una apertura total, ni la puesta en funcionamiento del predio, sino una oportunidad para conocer de cerca el proyecto de desarrollo. Este domingo 3, \u00a0los visitantes podr\u00e1n adentrarse en los hist\u00f3ricos muros de la ex Unidad Penal y experimentar, de 15 a 21, c\u00f3mo ser\u00e1n los espacios que funcionar\u00e1n en el edificio cuando sea inaugurado.\u00a0<\/p>\n\n\n\n<p><\/p>\n\n\n\n<p>La experiencia de participar de una vista guiada por el predio de dos hect\u00e1reas que compone La Unidad, el polo de desarrollo que se construye en la antigua unidad carcelaria de Corrientes, tendr\u00e1 al menos 7 postas informativas. La visita se realizar\u00e1 sobre espacios delimitados, ya que todav\u00eda s e trata de un espacio en construcci\u00f3n. Quienes participen de la experiencia \u2013 &nbsp;que ser\u00e1 libre y gratuita y no requiere inscripci\u00f3n previa \u2013 podr\u00e1n conocer m\u00e1s de cerca c\u00f3mo ser\u00e1 el lugar que busca potenciar el futuro de Corrientes y revaloriza sus ra\u00edces hist\u00f3ricas.<\/p>\n\n\n\n<p>Con un avance de obra en algunos sectores del 90% y en otros en m\u00e1s del 60%, la experiencia de la visita guiada permitir\u00e1 aproximarse al concepto de desarrollo y de lugar donde se nuclear\u00e1n los talentos correntinos, que da sustento al proyecto. No obstante, la fecha para su apertura formal a\u00fan no est\u00e1 definida, en funci\u00f3n de la agenda de trabajo que implica la culminaci\u00f3n de las obras, la instalaci\u00f3n de los equipamientos tecnol\u00f3gicos que contendr\u00e1 el lugar y la puesta a punto de \u2013 entre otras cosas \u2013 los emprendimientos comerciales y gastron\u00f3micos que se instalar\u00e1n en el sitio.&nbsp;<\/p>\n\n\n\n<p>Para la visita guiada de este domingo, unos 30 j\u00f3venes voluntarios que fueron capacitados y pudieron aprender los lineamientos de seguridad y la informaci\u00f3n importante por parte de los equipos t\u00e9cnicos y de comunicaci\u00f3n de La Unidad recibir\u00e1n y acompa\u00f1ar\u00e1n a los visitantes. Estar\u00e1n, por turnos, durante toda la jornada, dispuestos a brindar la informaci\u00f3n de cada una de esas siete postas, que se componen tanto por los desarrollos privados, los p\u00fablicos y los publico-privados que se planificaron dentro del proyecto.<\/p>\n\n\n\n<p><strong>&nbsp; &nbsp;&nbsp;<\/strong><br><strong>Lo que fue y lo que ser\u00e1<\/strong><br>&#8220;Se trata de un edificio hist\u00f3rico, que tiene un gran valor desde el mismo entorno de la ciudad en el que est\u00e1 emplazado&#8221;, record\u00f3 el arquitecto Gabriel Romero, ex presidente del Instituto de Cultura de Corrientes y actual decano de la Facultad de Artes, Dise\u00f1o y Ciencias de la Cultura de la UNNE (FADYCC).&nbsp;<br>Su asesor\u00eda, no solo fue clave para el desarrollo del proyecto, sino tambi\u00e9n para ofrecer informaci\u00f3n espec\u00edfica a quienes ahora guiar\u00e1n la visita el pr\u00f3ximo domingo.<\/p>\n\n\n\n<p>&#8220;En una l\u00ednea de tiempo, esa \u00e1rea de la ciudad fue primero el lugar fundacional. Luego, con el posterior desplazamiento del desarrollo urbano hacia el centro, fue quedando como un \u00e1rea marginal, por eso se instal\u00f3 all\u00ed la c\u00e1rcel a fines del 1800. Casi en simult\u00e1neo, se ubic\u00f3 en esa \u00e1rea la estaci\u00f3n del ferrocarril General Urquiza, donde ahora est\u00e1 el pie del puente General Belgrano&#8221;, apunt\u00f3.&nbsp;<ins><\/ins><\/p>\n\n\n\n<p>Con esta inversi\u00f3n del gobierno provincial de la mano de actores privados, el predio de La Unidad fue restaurado y revitalizado, de modo que volver\u00e1 a aportar una nueva din\u00e1mica a ese sector de la ciudad, donde a la vez junto con otros desarrollos edilicios que contemplan centros d compra, viviendas, oficinas y hoteles sobre la vera del Paran\u00e1, prometen en pocos a\u00f1os &#8220;generar una transformaci\u00f3n absoluta&#8221; del \u00e1rea.<\/p>\n\n\n\n<p>&#8220;Se va a abrir a la comunidad espacios que estuvieron cerrados durante mucho tiempo. Ser\u00e1 muy interesante poder conocer c\u00f3mo una intervenci\u00f3n urbana de estas caracter\u00edsticas implica tres aspectos: un rescate cultural, un rescate urban\u00edstico que revitaliza la zona y tambi\u00e9n una cuesti\u00f3n econ\u00f3mica que suma al desarrollo de la comunidad&#8221;, explic\u00f3.<\/p>\n\n\n\n<p>Respecto del hist\u00f3rico edificio creado por Juan Col y puesto a funcionar como c\u00e1rcel en 1887, Romero destac\u00f3 el respeto del trabajo arquitect\u00f3nico sobre lo patrimonial, que abarca muros, aberturas y escalas. &nbsp;&#8220;Esa restauraci\u00f3n de devuelve al edificio original un brillo interesant\u00edsimo para el uso urbano&#8221;, sostuvo. Adem\u00e1s, la refuncionalizaci\u00f3n de esos espacios dentro de la centenaria estructura, dar\u00e1n el marco para que se luzca la nueva tecnolog\u00eda implementada, sobre todo &#8220;en el sector del pan\u00f3ptico, que va a permitir distintas aproximaciones a temas vinculados con Corrientes&#8221;; &nbsp;describi\u00f3.<\/p>\n\n\n\n<p><strong>La visita: guiada y por partes del predio<\/strong><\/p>\n\n\n\n<p><br>En primer lugar habr\u00e1 un \u00e1rea de recepci\u00f3n. Luego se podr\u00e1 contemplar la infraestructura que ocupar\u00e1 el Polo Gastron\u00f3mico, con 7 locales dedicados a ofrecer una variedad de propuestas de cocina original y tambi\u00e9n tradicional, como un elemento clave de la cultura y la identidad de Corrientes. Tambi\u00e9n ser\u00e1 posible observar material de la antigua imprenta de la c\u00e1rcel, los lugares que estar\u00e1n disponibles para una futura feria de productos frescos y paseo de compras, se conocer\u00e1n los avances y el proyecto que concentra el edificio de 20 pisos que se construye en el predio para albergar al Centro de Innovaci\u00f3n, &nbsp;disfrutar de las \u00e1reas al aire libre y tambi\u00e9n adentrarse en la propuesta que tendr\u00e1n los Museos de Ciencias y el de la C\u00e1rcel dentro del \u00e1rea llamada Pan\u00f3ptico.<\/p>\n","protected":false},"excerpt":{"rendered":"<p>No ser\u00e1 una apertura total, ni la puesta en funcionamiento del predio, sino una oportunidad para conocer de cerca el proyecto de desarrollo. Este domingo 3, \u00a0los visitantes podr\u00e1n adentrarse&hellip; <\/p>\n","protected":false},"author":1,"featured_media":220300,"comment_status":"closed","ping_status":"open","sticky":false,"template":"","format":"standard","meta":{"footnotes":""},"categories":[1],"tags":[],"class_list":["post-220299","post","type-post","status-publish","format-standard","has-post-thumbnail","hentry","category-informacion-general"],"_links":{"self":[{"href":"https:\/\/corrientesdetarde.com\/index.php\/wp-json\/wp\/v2\/posts\/220299","targetHints":{"allow":["GET"]}}],"collection":[{"href":"https:\/\/corrientesdetarde.com\/index.php\/wp-json\/wp\/v2\/posts"}],"about":[{"href":"https:\/\/corrientesdetarde.com\/index.php\/wp-json\/wp\/v2\/types\/post"}],"author":[{"embeddable":true,"href":"https:\/\/corrientesdetarde.com\/index.php\/wp-json\/wp\/v2\/users\/1"}],"replies":[{"embeddable":true,"href":"https:\/\/corrientesdetarde.com\/index.php\/wp-json\/wp\/v2\/comments?post=220299"}],"version-history":[{"count":1,"href":"https:\/\/corrientesdetarde.com\/index.php\/wp-json\/wp\/v2\/posts\/220299\/revisions"}],"predecessor-version":[{"id":220301,"href":"https:\/\/corrientesdetarde.com\/index.php\/wp-json\/wp\/v2\/posts\/220299\/revisions\/220301"}],"wp:featuredmedia":[{"embeddable":true,"href":"https:\/\/corrientesdetarde.com\/index.php\/wp-json\/wp\/v2\/media\/220300"}],"wp:attachment":[{"href":"https:\/\/corrientesdetarde.com\/index.php\/wp-json\/wp\/v2\/media?parent=220299"}],"wp:term":[{"taxonomy":"category","embeddable":true,"href":"https:\/\/corrientesdetarde.com\/index.php\/wp-json\/wp\/v2\/categories?post=220299"},{"taxonomy":"post_tag","embeddable":true,"href":"https:\/\/corrientesdetarde.com\/index.php\/wp-json\/wp\/v2\/tags?post=220299"}],"curies":[{"name":"wp","href":"https:\/\/api.w.org\/{rel}","templated":true}]}}