{"id":220304,"date":"2025-08-03T09:35:00","date_gmt":"2025-08-03T12:35:00","guid":{"rendered":"https:\/\/corrientesdetarde.com\/?p=220304"},"modified":"2025-08-03T09:35:11","modified_gmt":"2025-08-03T12:35:11","slug":"efemerides-del-3-de-agosto","status":"publish","type":"post","link":"https:\/\/corrientesdetarde.com\/index.php\/informacion-general\/efemerides-del-3-de-agosto\/","title":{"rendered":"Efem\u00e9rides del 3 de agosto"},"content":{"rendered":"\n<p>Cada\u00a0<strong>3 de agosto\u00a0<\/strong>se celebran y conmemoran fechas que marcaron un antes y un despu\u00e9s tanto en Argentina como en el mundo.<\/p>\n\n\n\n<p><\/p>\n\n\n\n<p><strong>1492<\/strong>&nbsp;<strong>&#8211; CRIST\u00d3BAL COL\u00d3N<\/strong>. Contratado por la corona de Castilla, el navegante y cart\u00f3grafo genov\u00e9s Crist\u00f3bal Col\u00f3n zarpa, un 3 de agosto, desde el puerto espa\u00f1ol de Palos de la Frontera al mando de las carabelas Pinta y Ni\u00f1a y la nao Santa Mar\u00eda en busca de una ruta hacia las Indias Orientales. Dos meses despu\u00e9s lleg\u00f3 al archipi\u00e9lago americano de Bahamas. Col\u00f3n hizo otros tres viajes a lo que llam\u00f3 las Indias Occidentales.<\/p>\n\n\n\n<p><strong>1823<\/strong>&nbsp;<strong>&#8211; REMEDIOS DE ESCALADA<\/strong>. Muere en Buenos Aires, a la edad de 25 a\u00f1os, Mar\u00eda de los Remedios Carmen Escalada, esposa del general Jos\u00e9 de San Mart\u00edn y madre de Merceditas San Mart\u00edn.<\/p>\n\n\n\n<p><strong>1916<\/strong>&nbsp;<strong>&#8211; CHARRO MORENO<\/strong>. Nace en Buenos Aires el ex futbolista Jos\u00e9 Manuel &#8220;El Charro&#8221; Moreno, considerado uno de los mejores jugadores de la historia del f\u00fatbol del siglo XX. Form\u00f3 parte del equipo de &#8220;La m\u00e1quina&#8221; de River Plate, con el que gan\u00f3 seis campeonatos entre 1936 y 1947. Recibi\u00f3 el Premio Konex de Platino en 1980.<\/p>\n\n\n\n<p><strong>1926<\/strong>&nbsp;<strong>&#8211; TONY BENNET<\/strong>. Nace en el condado neoyorquino de Queens el cantante de jazz y baladista estadounidense Tony Bennet (Anthony Benedetto) ganador de 19 premios Grammy y dos Emmy. Vendi\u00f3 m\u00e1s de 50 millones de discos.<\/p>\n\n\n\n<p><strong>1944<\/strong>\u00a0<strong>&#8211; NINO BRAVO<\/strong>. Nace en el municipio valenciano de Ayelo de Malferit el cantante espa\u00f1ol Nino Bravo (Luis Manuel Ferri Llopis), referente de la balada rom\u00e1ntica, quien public\u00f3 cinco discos como solista y una treintena de recopilaciones de sus canciones m\u00e1s populares.<\/p>\n\n\n\n<p><strong>1952<\/strong>&nbsp;<strong>&#8211; NITO MESTRE<\/strong>. Nace en Buenos Aires el m\u00fasico Nito Mestre, cantante y guitarrista del d\u00fao Sui Generis junto a Charly Garc\u00eda, a quien conoci\u00f3 en los a\u00f1os &#8217;70, cuando ambos cursaban estudios secundarios en el liceo militar D\u00e1maso Centeno del barrio porte\u00f1o de Caballito.<\/p>\n\n\n\n<p><strong>1963<\/strong>&nbsp;<strong>&#8211; THE BEATLES<\/strong>. La legendaria banda brit\u00e1nica de pop rock The Beatles toca por \u00faltima vez en The Cavern Club, el bar de Liverpool donde actu\u00f3 un total de 292 veces. Las entradas para el que ser\u00eda el \u00faltimo concierto del &#8220;cuarteto de Liverpool&#8221; se vendieron en media hora.<\/p>\n\n\n\n<p><strong>1963<\/strong>&nbsp;<strong>&#8211; JAMES HETFIELD<\/strong>. Nace en la ciudad de Downey (California, EEUU) el cantante y&nbsp; guitarrista James Hetfield, vocalista y compositor principal de la banda de thrash metal Metallica, que vendi\u00f3 m\u00e1s de 120 millones de discos<\/p>\n\n\n\n<figure class=\"wp-block-image\"><img decoding=\"async\" src=\"https:\/\/billiken.lat\/wp-content\/uploads\/2024\/07\/cuerpo-1-37.jpg\" alt=\"3 de agosto - Javier Mascherano debuta en River Plate\" class=\"wp-image-91614\"\/><\/figure>\n\n\n\n<p><strong>2003<\/strong>&nbsp;<strong>&#8211; JAVIER MASCHERANO<\/strong>. Debuta en la&nbsp;Primera Divisi\u00f3n de River Plate el mediocampista Javier Mascherano, en partido un que su equipo gan\u00f3 por 2-1 a Nueva Chicago. En River jug\u00f3 46 partidos y marc\u00f3 un gol. Form\u00f3 parte de la selecci\u00f3n argentina entre 2003 y 2018 y fue su capit\u00e1n entre 2008 y 2011.<\/p>\n\n\n\n<p><strong>2025<\/strong>&nbsp;<strong>&#8211; PESCADOR DEPORTIVO<\/strong>. Se celebra el D\u00eda Nacional del Pescador Deportivo en conmemoraci\u00f3n de la fecha de 1903 en la que se fund\u00f3 el Club de Pescadores de Buenos Aires, el primero del pa\u00eds.<\/p>\n","protected":false},"excerpt":{"rendered":"<p>Cada\u00a03 de agosto\u00a0se celebran y conmemoran fechas que marcaron un antes y un despu\u00e9s tanto en Argentina como en el mundo. 1492&nbsp;&#8211; CRIST\u00d3BAL COL\u00d3N. Contratado por la corona de Castilla,&hellip; <\/p>\n","protected":false},"author":1,"featured_media":220311,"comment_status":"closed","ping_status":"open","sticky":false,"template":"","format":"standard","meta":{"footnotes":""},"categories":[1],"tags":[],"class_list":["post-220304","post","type-post","status-publish","format-standard","has-post-thumbnail","hentry","category-informacion-general"],"_links":{"self":[{"href":"https:\/\/corrientesdetarde.com\/index.php\/wp-json\/wp\/v2\/posts\/220304","targetHints":{"allow":["GET"]}}],"collection":[{"href":"https:\/\/corrientesdetarde.com\/index.php\/wp-json\/wp\/v2\/posts"}],"about":[{"href":"https:\/\/corrientesdetarde.com\/index.php\/wp-json\/wp\/v2\/types\/post"}],"author":[{"embeddable":true,"href":"https:\/\/corrientesdetarde.com\/index.php\/wp-json\/wp\/v2\/users\/1"}],"replies":[{"embeddable":true,"href":"https:\/\/corrientesdetarde.com\/index.php\/wp-json\/wp\/v2\/comments?post=220304"}],"version-history":[{"count":1,"href":"https:\/\/corrientesdetarde.com\/index.php\/wp-json\/wp\/v2\/posts\/220304\/revisions"}],"predecessor-version":[{"id":220312,"href":"https:\/\/corrientesdetarde.com\/index.php\/wp-json\/wp\/v2\/posts\/220304\/revisions\/220312"}],"wp:featuredmedia":[{"embeddable":true,"href":"https:\/\/corrientesdetarde.com\/index.php\/wp-json\/wp\/v2\/media\/220311"}],"wp:attachment":[{"href":"https:\/\/corrientesdetarde.com\/index.php\/wp-json\/wp\/v2\/media?parent=220304"}],"wp:term":[{"taxonomy":"category","embeddable":true,"href":"https:\/\/corrientesdetarde.com\/index.php\/wp-json\/wp\/v2\/categories?post=220304"},{"taxonomy":"post_tag","embeddable":true,"href":"https:\/\/corrientesdetarde.com\/index.php\/wp-json\/wp\/v2\/tags?post=220304"}],"curies":[{"name":"wp","href":"https:\/\/api.w.org\/{rel}","templated":true}]}}