{"id":220305,"date":"2025-08-03T09:26:17","date_gmt":"2025-08-03T12:26:17","guid":{"rendered":"https:\/\/corrientesdetarde.com\/?p=220305"},"modified":"2025-08-03T09:26:53","modified_gmt":"2025-08-03T12:26:53","slug":"multitudinaria-respuesta-de-la-gente-en-las-ferias-francas-2025","status":"publish","type":"post","link":"https:\/\/corrientesdetarde.com\/index.php\/informacion-general\/multitudinaria-respuesta-de-la-gente-en-las-ferias-francas-2025\/","title":{"rendered":"Multitudinaria respuesta de la gente en las Ferias Francas 2025"},"content":{"rendered":"\n<p>Con m\u00e1s de 400 puestos sumado a la participaci\u00f3n de emprendedores, productores y artesanos de diversas provincias, la ciudad nuevamente es epicentro de la econom\u00eda social y popular con la realizaci\u00f3n del 25\u00ba Encuentro Provincial de Ferias, que se extender\u00e1 hasta hoy en el parque Mitre.<\/p>\n\n\n\n<p>Organizado por la Asociaci\u00f3n Provincial de Ferias Francas, y acompa\u00f1ado tanto por el Gobierno provincial y municipal, el evento brinda una propuesta integral que combina producci\u00f3n local, gastronom\u00eda regional, cultura, recreaci\u00f3n familiar y comercializaci\u00f3n directa del productor al consumidor.<\/p>\n\n\n\n<p>En la apertura, ayer s\u00e1bado uno de los oradores fue el ministro Gaya, quien expres\u00f3 que &#8220;no hay nada m\u00e1s lindo que poder hablar a productores, emprendedores y tener una mesa con lo que producimos en Corrientes, fruto del trabajo y el esfuerzo&#8221;.<\/p>\n\n\n<div class=\"wp-block-image\">\n<figure class=\"alignleft\"><img decoding=\"async\" src=\"https:\/\/www.diarioepoca.com\/content\/bucket\/5\/1441785w380h230c.jpg.webp\" alt=\"\"\/><figcaption class=\"wp-element-caption\">LA TARDE SE PREST\u00d3 PARA PASARLA RECORRIENDO LOS DIFERENTES PABELLONES.<\/figcaption><\/figure>\n<\/div>\n\n\n<p>Record\u00f3: &#8220;Hay unos ejes claros de trabajo que nos encomend\u00f3 y tiene este Gobierno provincial de Gustavo Vald\u00e9s. Inclusi\u00f3n, modernizaci\u00f3n y desarrollo, y tiene que ver justamente con lo que hicimos: ver de qu\u00e9 manera pod\u00edamos trabajar juntos, entonces planificamos y avanzamos&#8221;. Inform\u00f3 que &#8220;en la ciudad de Corrientes hay m\u00e1s de 9.200 emprendedores empadronados y registrados y m\u00e1s de 13.000 en todo el territorio provincial, lo que significa que se debe tomar conciencia de que hoy la econom\u00eda social es el motor de la econom\u00eda local&#8221;.<\/p>\n\n\n\n<p>Tanto ayer como hoy, de 8 a 22, podr\u00e1n disfrutar de una amplia oferta de productos artesanales, plantas ornamentales, hortalizas frescas, alimentos elaborados, jugos, dulces regionales y patio de comidas, junto a espect\u00e1culos art\u00edsticos y actividades para grandes y chicos. Tambi\u00e9n habr\u00e1 intercambio de semillas y una secci\u00f3n especial con peque\u00f1os animales de granja.<\/p>\n\n\n\n<p>Este 25\u00ba Encuentro Provincial de Ferias Francas es una oportunidad \u00fanica para celebrar los logros de la econom\u00eda social en Corrientes y seguir apostando a un modelo productivo que pone en valor el trabajo, la cultura y la identidad local.<\/p>\n\n\n\n<p>El ministro de Obras y Servicios P\u00fablicos, Claudio Polich, en el acto de apertura manifest\u00f3: &#8220;Hace 25 a\u00f1os que se viene dando ininterrumpidamente este tipo de cosas, que tienen que ver con acercarles la producci\u00f3n a los consumidores, como una manera de valorizar el trabajo y no solo el que tiene que ver con la producci\u00f3n industrial, sino tambi\u00e9n el trabajo fecundo, el que transforma una semilla en un producto o una materia prima en un producto a trav\u00e9s de la artesan\u00eda&#8221;.<\/p>\n\n\n\n<p>Sostuvo, por otra parte, que &#8220;tiene que ver con la identidad, la cultura, con las posibilidades econ\u00f3micas que se le brinda a cada uno de los emprendedores. Por eso, tenemos que comprometernos para que este Encuentro cada vez sea mejor y cada vez tenga m\u00e1s publicidad, para que ustedes puedan vender sus productos, que la gente pueda conocerlos y que entre todos podamos generar una cuesti\u00f3n positiva que tire hacia adelante, donde valga la pena seguir trabajando, produciendo y consumiendo productos de primera calidad&#8221;.<\/p>\n\n\n\n<h2 class=\"wp-block-heading\">&#8220;Nos gusta venir por la cordialidad de la gente&#8221;<\/h2>\n\n\n<div class=\"wp-block-image\">\n<figure class=\"alignleft\"><img decoding=\"async\" src=\"https:\/\/www.diarioepoca.com\/content\/bucket\/8\/1441868w380h214c.jpg.webp\" alt=\"\"\/><\/figure>\n<\/div>\n\n\n<p>Carlos es un emprendedor de plantas de Jard\u00edn Am\u00e9rica, Misiones, y destac\u00f3 las Ferias Francas de Corrientes a pesar de participar de otras. &#8220;Trabajamos en distintas ferias, pero esta es la \u00fanica en la que salimos de nuestra provincia y que hace ocho que venimos&#8221;, dijo el emprendedor.<\/p>\n\n\n\n<p>Remarc\u00f3 su felicidad al estar en la provincia. &#8220;Nos gusta venir a Corrientes por la amabilidad, la cordialidad de la gente y la atenci\u00f3n que nos brindan, que en ning\u00fan otro lado tuvimos&#8221;, manifest\u00f3 el feriante de Misiones.<\/p>\n\n\n\n<h2 class=\"wp-block-heading\">&#8220;Venimos a las ferias hace 24 a\u00f1os&#8221;<\/h2>\n\n\n<div class=\"wp-block-image\">\n<figure class=\"alignright\"><img decoding=\"async\" src=\"https:\/\/www.diarioepoca.com\/content\/bucket\/7\/1441867w380h214c.jpg.webp\" alt=\"\"\/><\/figure>\n<\/div>\n\n\n<p>Luj\u00e1n Acosta es una representante de las Ferias Francas de Santo Tom\u00e9 que participa de la 25\u00aa edici\u00f3n en Capital.<\/p>\n\n\n\n<p>La emprendedora destac\u00f3: &#8220;Nos dedicamos a la producci\u00f3n de chacra y lo que hemos tra\u00eddo ya se vendi\u00f3 y tambi\u00e9n trajimos productos artesanales, panificados&#8221;.<\/p>\n\n\n\n<p>&#8220;Son 24 a\u00f1os que venimos a las ferias de Corrientes&#8221;, dijo Luj\u00e1n y reconoci\u00f3: &#8220;Siempre es un \u00e9xito la feria porque la gente responde al evento y estamos conformes&#8221;.<\/p>\n\n\n\n<p>Tambi\u00e9n dijo: &#8220;Esta es una gran oportunidad para reencontrarnos con gente que nos conocemos hace mucho tiempo&#8221;.<\/p>\n\n\n\n<h2 class=\"wp-block-heading\">&#8220;El emprendedor disfruta de la feria&#8221;<\/h2>\n\n\n<div class=\"wp-block-image\">\n<figure class=\"alignleft\"><img decoding=\"async\" src=\"https:\/\/www.diarioepoca.com\/content\/bucket\/6\/1441866w380h214c.jpg.webp\" alt=\"\"\/><\/figure>\n<\/div>\n\n\n<p>Nancy Mu\u00f1oz, emprendedora que se dedica a las flores y follajes naturales disecados y te\u00f1idos, reconoci\u00f3 que esta feria es la \u00fanica de la que participa en la ciudad de Corrientes porque es costosa la log\u00edstica del producto que ofrece &#8220;porque hay que embalarlo con mucho cuidado&#8221;.<\/p>\n\n\n\n<p>&#8220;De la feria, lo que m\u00e1s me atrae es la vivencia. No me puedo quejar tampoco de las ventas, pero lo que se vive ac\u00e1 solamente el emprendedor lo puede disfrutar y entender, el sentimiento del emprendedor es el compartir, es el orgullo de poder mostrar lo que uno crea&#8221;, remarc\u00f3.<\/p>\n","protected":false},"excerpt":{"rendered":"<p>Con m\u00e1s de 400 puestos sumado a la participaci\u00f3n de emprendedores, productores y artesanos de diversas provincias, la ciudad nuevamente es epicentro de la econom\u00eda social y popular con la&hellip; <\/p>\n","protected":false},"author":1,"featured_media":220307,"comment_status":"closed","ping_status":"open","sticky":false,"template":"","format":"standard","meta":{"footnotes":""},"categories":[22,1],"tags":[],"class_list":["post-220305","post","type-post","status-publish","format-standard","has-post-thumbnail","hentry","category-eventos","category-informacion-general"],"_links":{"self":[{"href":"https:\/\/corrientesdetarde.com\/index.php\/wp-json\/wp\/v2\/posts\/220305","targetHints":{"allow":["GET"]}}],"collection":[{"href":"https:\/\/corrientesdetarde.com\/index.php\/wp-json\/wp\/v2\/posts"}],"about":[{"href":"https:\/\/corrientesdetarde.com\/index.php\/wp-json\/wp\/v2\/types\/post"}],"author":[{"embeddable":true,"href":"https:\/\/corrientesdetarde.com\/index.php\/wp-json\/wp\/v2\/users\/1"}],"replies":[{"embeddable":true,"href":"https:\/\/corrientesdetarde.com\/index.php\/wp-json\/wp\/v2\/comments?post=220305"}],"version-history":[{"count":2,"href":"https:\/\/corrientesdetarde.com\/index.php\/wp-json\/wp\/v2\/posts\/220305\/revisions"}],"predecessor-version":[{"id":220310,"href":"https:\/\/corrientesdetarde.com\/index.php\/wp-json\/wp\/v2\/posts\/220305\/revisions\/220310"}],"wp:featuredmedia":[{"embeddable":true,"href":"https:\/\/corrientesdetarde.com\/index.php\/wp-json\/wp\/v2\/media\/220307"}],"wp:attachment":[{"href":"https:\/\/corrientesdetarde.com\/index.php\/wp-json\/wp\/v2\/media?parent=220305"}],"wp:term":[{"taxonomy":"category","embeddable":true,"href":"https:\/\/corrientesdetarde.com\/index.php\/wp-json\/wp\/v2\/categories?post=220305"},{"taxonomy":"post_tag","embeddable":true,"href":"https:\/\/corrientesdetarde.com\/index.php\/wp-json\/wp\/v2\/tags?post=220305"}],"curies":[{"name":"wp","href":"https:\/\/api.w.org\/{rel}","templated":true}]}}