{"id":220313,"date":"2025-08-03T11:46:01","date_gmt":"2025-08-03T14:46:01","guid":{"rendered":"https:\/\/corrientesdetarde.com\/?p=220313"},"modified":"2025-08-03T11:46:13","modified_gmt":"2025-08-03T14:46:13","slug":"copa-argentina-sin-maravilla-racing-enfrenta-a-riestra","status":"publish","type":"post","link":"https:\/\/corrientesdetarde.com\/index.php\/informacion-general\/copa-argentina-sin-maravilla-racing-enfrenta-a-riestra\/","title":{"rendered":"COPA ARGENTINA: SIN MARAVILLA, RACING ENFRENTA A RIESTRA"},"content":{"rendered":"\n<p>(Nicol\u00e1s Reif) Racing Club y Deportivo Riestra se miden hoy domingo 3 de agosto, desde las 16:00\u202fh, en el estadio Ciudad de Lan\u00fas \u2013 N\u00e9stor D\u00edaz P\u00e9rez, por un lugar en los cuartos de final de la Copa Argentina 2025. La Academia intentar\u00e1 romper una racha de diez a\u00f1os sin acceder a esa instancia del torneo, mientras que el Malevo busca hacer historia y meterse entre los ocho mejores .<br>El conjunto dirigido por Costas llega con m\u00faltiples bajas sensibles: Adri\u00e1n \u201cMaravilla\u201d Mart\u00ednez est\u00e1 suspendido por expulsi\u00f3n, mientras que Gabriel Arias y Bruno Zuculini est\u00e1n lesionados, y Gast\u00f3n Martirena contin\u00faa recuper\u00e1ndose de un desgarro. Sin Mart\u00ednez, el DT acad\u00e9mico apostar\u00e1 por una delantera in\u00e9dita con Rocky Balboa como nueve.<br>Del otro lado, Riestra, dirigido por Gustavo Ben\u00edtez, llega fortalecido tras eliminar a San Telmo y Deportivo Armenio en rondas anteriores, ambas definidas por penales, y con una reciente victoria ante Atl\u00e9tico Tucum\u00e1n en su estadio, donde sigue invicto . Su goleador Jonathan Herrera viene en buena forma, con dos goles en sus \u00faltimos tres partidos como titular.<br>El \u00e1rbitro del partido ser\u00e1 Nazareno Arasa, y la transmisi\u00f3n estar\u00e1 a cargo de TyC Sports.<\/p>\n\n\n\n<p><\/p>\n","protected":false},"excerpt":{"rendered":"<p>(Nicol\u00e1s Reif) Racing Club y Deportivo Riestra se miden hoy domingo 3 de agosto, desde las 16:00\u202fh, en el estadio Ciudad de Lan\u00fas \u2013 N\u00e9stor D\u00edaz P\u00e9rez, por un lugar&hellip; <\/p>\n","protected":false},"author":11,"featured_media":220314,"comment_status":"closed","ping_status":"open","sticky":false,"template":"","format":"standard","meta":{"footnotes":""},"categories":[1],"tags":[],"class_list":["post-220313","post","type-post","status-publish","format-standard","has-post-thumbnail","hentry","category-informacion-general"],"_links":{"self":[{"href":"https:\/\/corrientesdetarde.com\/index.php\/wp-json\/wp\/v2\/posts\/220313","targetHints":{"allow":["GET"]}}],"collection":[{"href":"https:\/\/corrientesdetarde.com\/index.php\/wp-json\/wp\/v2\/posts"}],"about":[{"href":"https:\/\/corrientesdetarde.com\/index.php\/wp-json\/wp\/v2\/types\/post"}],"author":[{"embeddable":true,"href":"https:\/\/corrientesdetarde.com\/index.php\/wp-json\/wp\/v2\/users\/11"}],"replies":[{"embeddable":true,"href":"https:\/\/corrientesdetarde.com\/index.php\/wp-json\/wp\/v2\/comments?post=220313"}],"version-history":[{"count":1,"href":"https:\/\/corrientesdetarde.com\/index.php\/wp-json\/wp\/v2\/posts\/220313\/revisions"}],"predecessor-version":[{"id":220315,"href":"https:\/\/corrientesdetarde.com\/index.php\/wp-json\/wp\/v2\/posts\/220313\/revisions\/220315"}],"wp:featuredmedia":[{"embeddable":true,"href":"https:\/\/corrientesdetarde.com\/index.php\/wp-json\/wp\/v2\/media\/220314"}],"wp:attachment":[{"href":"https:\/\/corrientesdetarde.com\/index.php\/wp-json\/wp\/v2\/media?parent=220313"}],"wp:term":[{"taxonomy":"category","embeddable":true,"href":"https:\/\/corrientesdetarde.com\/index.php\/wp-json\/wp\/v2\/categories?post=220313"},{"taxonomy":"post_tag","embeddable":true,"href":"https:\/\/corrientesdetarde.com\/index.php\/wp-json\/wp\/v2\/tags?post=220313"}],"curies":[{"name":"wp","href":"https:\/\/api.w.org\/{rel}","templated":true}]}}