{"id":220357,"date":"2025-08-03T23:02:57","date_gmt":"2025-08-04T02:02:57","guid":{"rendered":"https:\/\/corrientesdetarde.com\/?p=220357"},"modified":"2025-08-04T08:57:26","modified_gmt":"2025-08-04T11:57:26","slug":"desbaratan-faena-clandestina-en-una-vivienda-de-corrientes-hallaron-restos-carnicos-y-animales-heridos","status":"publish","type":"post","link":"https:\/\/corrientesdetarde.com\/index.php\/actualidad\/desbaratan-faena-clandestina-en-una-vivienda-de-corrientes-hallaron-restos-carnicos-y-animales-heridos\/","title":{"rendered":"Desbaratan faena clandestina en una vivienda de Corrientes: hallaron restos c\u00e1rnicos y animales heridos"},"content":{"rendered":"\n<p>El operativo se realiz\u00f3 tras una denuncia al 911. La Polic\u00eda secuestr\u00f3 productos c\u00e1rnicos, equinos y carros con manchas de sangre. Investigan a varios sospechosos.<\/p>\n\n\n\n<p>La Polic\u00eda de Corrientes inform\u00f3 este viernes que en la noche del mi\u00e9rcoles desbarat\u00f3 una faena clandestina en una vivienda del barrio 50 Viviendas de la capital provincial. El operativo se llev\u00f3 a cabo alrededor de las 22:45 en la manzana 25, tras un alerta telef\u00f3nico recibido por el 911.<\/p>\n\n\n\n<p>Al arribar al lugar, los efectivos notaron que las luces del interior de la casa se apagaron repentinamente, lo que dificult\u00f3 la visibilidad y gener\u00f3 sospechas. Ante esta situaci\u00f3n, se solicit\u00f3 apoyo a la Direcci\u00f3n de Seguridad Rural y Ecolog\u00eda, que se sum\u00f3 al procedimiento minutos despu\u00e9s.<\/p>\n\n\n\n<p>En el lugar se entrevist\u00f3 a la moradora del domicilio, identificada como P. Lorenza Beatriz, quien asegur\u00f3 que su hijo no se encontraba en la vivienda. Sin embargo, durante una inspecci\u00f3n desde el exterior, los polic\u00edas observaron un colch\u00f3n con manchas rojizas en la galer\u00eda y un animal equino atado en la vereda, con heridas visibles en el cuerpo.<\/p>\n\n\n\n<p>Adem\u00e1s, se hallaron seis equinos m\u00e1s en las inmediaciones, dos carros de fabricaci\u00f3n casera con aparentes manchas hem\u00e1ticas y dos motocicletas sin patente. Seg\u00fan testimonios an\u00f3nimos de vecinos, en la faena habr\u00edan participado varias personas, entre ellas un joven apodado &#8220;Kaku&#8221;, otro conocido como &#8220;Capataz&#8221;, un tercero llamado Luis Nicol\u00e1s y el hijo de la due\u00f1a de la vivienda.<\/p>\n\n\n\n<p>Durante un rastrillaje posterior, los agentes encontraron prendas con manchas rojizas, bolsas con productos c\u00e1rnicos y restos de patas bovinas. Todo el material fue secuestrado y trasladado a la Direcci\u00f3n de Seguridad Rural para su an\u00e1lisis.<\/p>\n\n\n\n<p>La Fiscal\u00eda orden\u00f3 iniciar una causa de oficio por presunta infracci\u00f3n al art\u00edculo 206 del C\u00f3digo Penal, que sanciona la elaboraci\u00f3n o comercializaci\u00f3n de alimentos sin autorizaci\u00f3n sanitaria. Tambi\u00e9n se solicit\u00f3 el allanamiento de cuatro domicilios vinculados a los sospechosos.<\/p>\n\n\n\n<p>Hasta el momento no hay personas detenidas, y la investigaci\u00f3n contin\u00faa en curso con todos los elementos secuestrados a disposici\u00f3n de la Justicia.<\/p>\n","protected":false},"excerpt":{"rendered":"<p>El operativo se realiz\u00f3 tras una denuncia al 911. La Polic\u00eda secuestr\u00f3 productos c\u00e1rnicos, equinos y carros con manchas de sangre. Investigan a varios sospechosos. La Polic\u00eda de Corrientes inform\u00f3&hellip; <\/p>\n","protected":false},"author":4,"featured_media":220358,"comment_status":"closed","ping_status":"open","sticky":false,"template":"","format":"standard","meta":{"footnotes":""},"categories":[23,33],"tags":[],"class_list":["post-220357","post","type-post","status-publish","format-standard","has-post-thumbnail","hentry","category-actualidad","category-policiales"],"_links":{"self":[{"href":"https:\/\/corrientesdetarde.com\/index.php\/wp-json\/wp\/v2\/posts\/220357","targetHints":{"allow":["GET"]}}],"collection":[{"href":"https:\/\/corrientesdetarde.com\/index.php\/wp-json\/wp\/v2\/posts"}],"about":[{"href":"https:\/\/corrientesdetarde.com\/index.php\/wp-json\/wp\/v2\/types\/post"}],"author":[{"embeddable":true,"href":"https:\/\/corrientesdetarde.com\/index.php\/wp-json\/wp\/v2\/users\/4"}],"replies":[{"embeddable":true,"href":"https:\/\/corrientesdetarde.com\/index.php\/wp-json\/wp\/v2\/comments?post=220357"}],"version-history":[{"count":1,"href":"https:\/\/corrientesdetarde.com\/index.php\/wp-json\/wp\/v2\/posts\/220357\/revisions"}],"predecessor-version":[{"id":220359,"href":"https:\/\/corrientesdetarde.com\/index.php\/wp-json\/wp\/v2\/posts\/220357\/revisions\/220359"}],"wp:featuredmedia":[{"embeddable":true,"href":"https:\/\/corrientesdetarde.com\/index.php\/wp-json\/wp\/v2\/media\/220358"}],"wp:attachment":[{"href":"https:\/\/corrientesdetarde.com\/index.php\/wp-json\/wp\/v2\/media?parent=220357"}],"wp:term":[{"taxonomy":"category","embeddable":true,"href":"https:\/\/corrientesdetarde.com\/index.php\/wp-json\/wp\/v2\/categories?post=220357"},{"taxonomy":"post_tag","embeddable":true,"href":"https:\/\/corrientesdetarde.com\/index.php\/wp-json\/wp\/v2\/tags?post=220357"}],"curies":[{"name":"wp","href":"https:\/\/api.w.org\/{rel}","templated":true}]}}