{"id":220362,"date":"2025-08-04T08:00:00","date_gmt":"2025-08-04T11:00:00","guid":{"rendered":"https:\/\/corrientesdetarde.com\/?p=220362"},"modified":"2025-08-04T08:52:08","modified_gmt":"2025-08-04T11:52:08","slug":"camilo-caseres-candidato-a-concejal-de-la-cruz-y-el-mas-joven-de-la-provincia","status":"publish","type":"post","link":"https:\/\/corrientesdetarde.com\/index.php\/actualidad\/camilo-caseres-candidato-a-concejal-de-la-cruz-y-el-mas-joven-de-la-provincia\/","title":{"rendered":"Camilo Caseres: candidato a concejal de La Cruz y el m\u00e1s joven de la Provincia"},"content":{"rendered":"\n<p>Camilo naci\u00f3 y creci\u00f3 en La Cruz, en el seno de una familia trabajadora, donde aprendi\u00f3 el valor del esfuerzo, la honestidad y la palabra. Su padre, docente desde hace m\u00e1s de 20 a\u00f1os, y su madre, presente en cada paso de sus tres hijos, le transmitieron desde peque\u00f1o la importancia de involucrarse y aportar al crecimiento de su comunidad.<\/p>\n\n\n\n<p>Camilo: -&#8220;Soy Camilo Caseres, candidato a primer Concejal por la alianza<em> &#8220;Vamos la Cruz<\/em>&#8220;, que lleva como intendente a Luis Calomarde y Patricia Pedelhez, ambos de la <em>UCR<\/em>. <\/p>\n\n\n\n<p>En mi caso, integro esa alianza de m\u00e1s de 17 partidos. Siendo mi espacio pol\u00edtico el <em>Partido Popular Correntino<\/em>, espacio que me abri\u00f3 las puertas desde muy chico, por intermedio de mi familia y hoy me toca ser uno de los <em>candidatos a concejal m\u00e1s joven de la provincia<\/em>. Esto me genera una enorme responsabilidad y compromiso, primero con mi pueblo y despu\u00e9s con mi partido, ya que destaco la enorme apertura de nuestro presidente, el Dr. <em>Pedro Braillard Poccard<\/em>, que mas all\u00e1 de mi corta edad ( 20 a\u00f1os) confi\u00f3 en mi capacidad.<br>Decid\u00ed ser candidato porque no me resigno a que nos digan la frase \u201cya vamos a tener tiempo\u201d. Nuestro tiempo es <em>ahora<\/em>.<\/p>\n\n\n\n<p><br>Quiero usar este espacio para que se escuche fuerte y claro lo que muchos j\u00f3venes sentimos: que <em>la pol\u00edtica nos debe algo<\/em>. <em>Nos debe oportunidades. Nos debe herramientas para formarnos, para trabajar, para crecer sin tener que irnos de\u00a0nuestro\u00a0pueblo<\/em>&#8230;&#8221;<\/p>\n\n\n\n<figure class=\"wp-block-image size-large\"><img loading=\"lazy\" decoding=\"async\" width=\"1024\" height=\"678\" src=\"https:\/\/corrientesdetarde.com\/wp-content\/uploads\/2025\/08\/Imagen-de-WhatsApp-2025-08-03-a-las-20.21.19_aeb5276e-1024x678.jpg\" alt=\"\" class=\"wp-image-220364\" srcset=\"https:\/\/corrientesdetarde.com\/wp-content\/uploads\/2025\/08\/Imagen-de-WhatsApp-2025-08-03-a-las-20.21.19_aeb5276e-1024x678.jpg 1024w, https:\/\/corrientesdetarde.com\/wp-content\/uploads\/2025\/08\/Imagen-de-WhatsApp-2025-08-03-a-las-20.21.19_aeb5276e-300x199.jpg 300w, https:\/\/corrientesdetarde.com\/wp-content\/uploads\/2025\/08\/Imagen-de-WhatsApp-2025-08-03-a-las-20.21.19_aeb5276e-768x509.jpg 768w, https:\/\/corrientesdetarde.com\/wp-content\/uploads\/2025\/08\/Imagen-de-WhatsApp-2025-08-03-a-las-20.21.19_aeb5276e.jpg 1280w\" sizes=\"auto, (max-width: 1024px) 100vw, 1024px\" \/><\/figure>\n\n\n\n<figure class=\"wp-block-image size-large\"><img loading=\"lazy\" decoding=\"async\" width=\"1024\" height=\"683\" src=\"https:\/\/corrientesdetarde.com\/wp-content\/uploads\/2025\/08\/Imagen-de-WhatsApp-2025-08-03-a-las-20.21.20_df02242c-1024x683.jpg\" alt=\"\" class=\"wp-image-220365\" srcset=\"https:\/\/corrientesdetarde.com\/wp-content\/uploads\/2025\/08\/Imagen-de-WhatsApp-2025-08-03-a-las-20.21.20_df02242c-1024x683.jpg 1024w, https:\/\/corrientesdetarde.com\/wp-content\/uploads\/2025\/08\/Imagen-de-WhatsApp-2025-08-03-a-las-20.21.20_df02242c-300x200.jpg 300w, https:\/\/corrientesdetarde.com\/wp-content\/uploads\/2025\/08\/Imagen-de-WhatsApp-2025-08-03-a-las-20.21.20_df02242c-768x512.jpg 768w, https:\/\/corrientesdetarde.com\/wp-content\/uploads\/2025\/08\/Imagen-de-WhatsApp-2025-08-03-a-las-20.21.20_df02242c.jpg 1280w\" sizes=\"auto, (max-width: 1024px) 100vw, 1024px\" \/><\/figure>\n\n\n\n<figure class=\"wp-block-image size-large\"><img loading=\"lazy\" decoding=\"async\" width=\"1024\" height=\"683\" src=\"https:\/\/corrientesdetarde.com\/wp-content\/uploads\/2025\/08\/Imagen-de-WhatsApp-2025-08-03-a-las-20.21.20_2a066d14-1024x683.jpg\" alt=\"\" class=\"wp-image-220366\" srcset=\"https:\/\/corrientesdetarde.com\/wp-content\/uploads\/2025\/08\/Imagen-de-WhatsApp-2025-08-03-a-las-20.21.20_2a066d14-1024x683.jpg 1024w, https:\/\/corrientesdetarde.com\/wp-content\/uploads\/2025\/08\/Imagen-de-WhatsApp-2025-08-03-a-las-20.21.20_2a066d14-300x200.jpg 300w, https:\/\/corrientesdetarde.com\/wp-content\/uploads\/2025\/08\/Imagen-de-WhatsApp-2025-08-03-a-las-20.21.20_2a066d14-768x512.jpg 768w, https:\/\/corrientesdetarde.com\/wp-content\/uploads\/2025\/08\/Imagen-de-WhatsApp-2025-08-03-a-las-20.21.20_2a066d14.jpg 1280w\" sizes=\"auto, (max-width: 1024px) 100vw, 1024px\" \/><\/figure>\n","protected":false},"excerpt":{"rendered":"<p>Camilo naci\u00f3 y creci\u00f3 en La Cruz, en el seno de una familia trabajadora, donde aprendi\u00f3 el valor del esfuerzo, la honestidad y la palabra. Su padre, docente desde hace&hellip; <\/p>\n","protected":false},"author":1,"featured_media":220363,"comment_status":"closed","ping_status":"open","sticky":false,"template":"","format":"standard","meta":{"footnotes":""},"categories":[23],"tags":[],"class_list":["post-220362","post","type-post","status-publish","format-standard","has-post-thumbnail","hentry","category-actualidad"],"_links":{"self":[{"href":"https:\/\/corrientesdetarde.com\/index.php\/wp-json\/wp\/v2\/posts\/220362","targetHints":{"allow":["GET"]}}],"collection":[{"href":"https:\/\/corrientesdetarde.com\/index.php\/wp-json\/wp\/v2\/posts"}],"about":[{"href":"https:\/\/corrientesdetarde.com\/index.php\/wp-json\/wp\/v2\/types\/post"}],"author":[{"embeddable":true,"href":"https:\/\/corrientesdetarde.com\/index.php\/wp-json\/wp\/v2\/users\/1"}],"replies":[{"embeddable":true,"href":"https:\/\/corrientesdetarde.com\/index.php\/wp-json\/wp\/v2\/comments?post=220362"}],"version-history":[{"count":2,"href":"https:\/\/corrientesdetarde.com\/index.php\/wp-json\/wp\/v2\/posts\/220362\/revisions"}],"predecessor-version":[{"id":220368,"href":"https:\/\/corrientesdetarde.com\/index.php\/wp-json\/wp\/v2\/posts\/220362\/revisions\/220368"}],"wp:featuredmedia":[{"embeddable":true,"href":"https:\/\/corrientesdetarde.com\/index.php\/wp-json\/wp\/v2\/media\/220363"}],"wp:attachment":[{"href":"https:\/\/corrientesdetarde.com\/index.php\/wp-json\/wp\/v2\/media?parent=220362"}],"wp:term":[{"taxonomy":"category","embeddable":true,"href":"https:\/\/corrientesdetarde.com\/index.php\/wp-json\/wp\/v2\/categories?post=220362"},{"taxonomy":"post_tag","embeddable":true,"href":"https:\/\/corrientesdetarde.com\/index.php\/wp-json\/wp\/v2\/tags?post=220362"}],"curies":[{"name":"wp","href":"https:\/\/api.w.org\/{rel}","templated":true}]}}