{"id":220379,"date":"2025-08-04T00:19:21","date_gmt":"2025-08-04T03:19:21","guid":{"rendered":"https:\/\/corrientesdetarde.com\/?p=220379"},"modified":"2025-08-04T00:19:33","modified_gmt":"2025-08-04T03:19:33","slug":"milei-veto-el-aumento-a-jubilados-y-la-ley-de-emergencia-para-personas-con-discapacidad","status":"publish","type":"post","link":"https:\/\/corrientesdetarde.com\/index.php\/politica\/milei-veto-el-aumento-a-jubilados-y-la-ley-de-emergencia-para-personas-con-discapacidad\/","title":{"rendered":"Milei vet\u00f3 el aumento a jubilados y la ley de emergencia para personas con discapacidad"},"content":{"rendered":"\n<p>El Ejecutivo argumenta que son normas fiscalmente inviables. La oposici\u00f3n intentar\u00e1 revertir el veto en Diputados.<\/p>\n\n\n\n<p>El presidente Javier Milei vet\u00f3 dos leyes aprobadas por el Congreso: una que propon\u00eda una nueva f\u00f3rmula de movilidad jubilatoria y otra que declaraba la emergencia en discapacidad. La decisi\u00f3n, confirmada este s\u00e1bado por fuentes oficiales, ser\u00e1 publicada en el Bolet\u00edn Oficial el lunes y ya gener\u00f3 reacciones tanto en la oposici\u00f3n como en organizaciones sociales.<\/p>\n\n\n\n<p>Desde el Poder Ejecutivo explicaron que ambas iniciativas son &#8220;fiscalmente inviables&#8221; y contrarias al plan de ajuste que busca alcanzar el equilibrio fiscal. En ese sentido, Milei ya hab\u00eda advertido p\u00fablicamente que no avalar\u00eda ning\u00fan proyecto que implique un aumento del gasto p\u00fablico.<\/p>\n\n\n\n<p>La ley de movilidad jubilatoria, impulsada por bloques opositores, establec\u00eda una f\u00f3rmula de actualizaci\u00f3n mensual que combinaba inflaci\u00f3n y mejoras salariales, reemplazando el esquema actual de aumentos por decreto. Por su parte, la ley de emergencia en discapacidad fue aprobada en respuesta a los recortes y la discontinuidad de pagos en el sector, y buscaba garantizar prestaciones b\u00e1sicas, transporte y atenci\u00f3n integral para personas con discapacidad.<\/p>\n\n\n\n<p>El rechazo presidencial ahora deber\u00e1 ser debatido nuevamente en el Congreso. Para que el veto sea rechazado, se necesitan dos tercios de los votos en ambas c\u00e1maras, algo que la oposici\u00f3n intentar\u00e1 conseguir. Mientras tanto, el oficialismo negocia con aliados parlamentarios y gobernadores, ofreciendo recursos como Aportes del Tesoro Nacional (ATN) a cambio de respaldo pol\u00edtico.<\/p>\n\n\n\n<p>La tensi\u00f3n crece especialmente entre los sectores m\u00e1s afectados. Diversas organizaciones ya anunciaron movilizaciones frente al Congreso si no se avanza en una soluci\u00f3n que restituya los derechos contenidos en las leyes vetadas.<\/p>\n","protected":false},"excerpt":{"rendered":"<p>El Ejecutivo argumenta que son normas fiscalmente inviables. La oposici\u00f3n intentar\u00e1 revertir el veto en Diputados. El presidente Javier Milei vet\u00f3 dos leyes aprobadas por el Congreso: una que propon\u00eda&hellip; <\/p>\n","protected":false},"author":4,"featured_media":220380,"comment_status":"closed","ping_status":"open","sticky":false,"template":"","format":"standard","meta":{"footnotes":""},"categories":[3],"tags":[],"class_list":["post-220379","post","type-post","status-publish","format-standard","has-post-thumbnail","hentry","category-politica"],"_links":{"self":[{"href":"https:\/\/corrientesdetarde.com\/index.php\/wp-json\/wp\/v2\/posts\/220379","targetHints":{"allow":["GET"]}}],"collection":[{"href":"https:\/\/corrientesdetarde.com\/index.php\/wp-json\/wp\/v2\/posts"}],"about":[{"href":"https:\/\/corrientesdetarde.com\/index.php\/wp-json\/wp\/v2\/types\/post"}],"author":[{"embeddable":true,"href":"https:\/\/corrientesdetarde.com\/index.php\/wp-json\/wp\/v2\/users\/4"}],"replies":[{"embeddable":true,"href":"https:\/\/corrientesdetarde.com\/index.php\/wp-json\/wp\/v2\/comments?post=220379"}],"version-history":[{"count":1,"href":"https:\/\/corrientesdetarde.com\/index.php\/wp-json\/wp\/v2\/posts\/220379\/revisions"}],"predecessor-version":[{"id":220381,"href":"https:\/\/corrientesdetarde.com\/index.php\/wp-json\/wp\/v2\/posts\/220379\/revisions\/220381"}],"wp:featuredmedia":[{"embeddable":true,"href":"https:\/\/corrientesdetarde.com\/index.php\/wp-json\/wp\/v2\/media\/220380"}],"wp:attachment":[{"href":"https:\/\/corrientesdetarde.com\/index.php\/wp-json\/wp\/v2\/media?parent=220379"}],"wp:term":[{"taxonomy":"category","embeddable":true,"href":"https:\/\/corrientesdetarde.com\/index.php\/wp-json\/wp\/v2\/categories?post=220379"},{"taxonomy":"post_tag","embeddable":true,"href":"https:\/\/corrientesdetarde.com\/index.php\/wp-json\/wp\/v2\/tags?post=220379"}],"curies":[{"name":"wp","href":"https:\/\/api.w.org\/{rel}","templated":true}]}}