{"id":220382,"date":"2025-08-04T00:25:55","date_gmt":"2025-08-04T03:25:55","guid":{"rendered":"https:\/\/corrientesdetarde.com\/?p=220382"},"modified":"2025-08-04T08:56:51","modified_gmt":"2025-08-04T11:56:51","slug":"cayo-un-joven-que-intento-ingresar-armado-a-un-local-comercial-en-corrientes","status":"publish","type":"post","link":"https:\/\/corrientesdetarde.com\/index.php\/destacados\/cayo-un-joven-que-intento-ingresar-armado-a-un-local-comercial-en-corrientes\/","title":{"rendered":"Cay\u00f3 un joven que intent\u00f3 ingresar armado a un local comercial en Corrientes"},"content":{"rendered":"\n<p>Fue detenido por el Grupo de Intervenci\u00f3n R\u00e1pida tras una denuncia an\u00f3nima y un operativo en la zona de El\u00edas Abad y avenida Romero.<\/p>\n\n\n\n<p>En las primeras horas del jueves 31 de julio, efectivos del Grupo de Intervenci\u00f3n R\u00e1pida (G.I.R.) de la Polic\u00eda de Corrientes demoraron a un joven que, presuntamente armado, intent\u00f3 ingresar a un local comercial en la zona de calle El\u00edas Abad y avenida Romero.<\/p>\n\n\n\n<p>Seg\u00fan informaron fuentes oficiales, el procedimiento se activ\u00f3 tras el alerta de un transe\u00fante que observ\u00f3 al sospechoso intentando ingresar al comercio con aparentes amenazas con un arma de fuego. El joven huy\u00f3 del lugar, pero fue localizado por los uniformados en inmediaciones del lugar durante un operativo de rastrillaje.<\/p>\n\n\n\n<p>El detenido, mayor de edad, intent\u00f3 darse a la fuga nuevamente al notar la presencia policial, pero fue alcanzado y reducido. Luego fue trasladado a la Comisar\u00eda Segunda Urbana, donde se llevan adelante las diligencias correspondientes.<\/p>\n","protected":false},"excerpt":{"rendered":"<p>Fue detenido por el Grupo de Intervenci\u00f3n R\u00e1pida tras una denuncia an\u00f3nima y un operativo en la zona de El\u00edas Abad y avenida Romero. En las primeras horas del jueves&hellip; <\/p>\n","protected":false},"author":4,"featured_media":220383,"comment_status":"closed","ping_status":"open","sticky":false,"template":"","format":"standard","meta":{"footnotes":""},"categories":[26,33],"tags":[],"class_list":["post-220382","post","type-post","status-publish","format-standard","has-post-thumbnail","hentry","category-destacados","category-policiales"],"_links":{"self":[{"href":"https:\/\/corrientesdetarde.com\/index.php\/wp-json\/wp\/v2\/posts\/220382","targetHints":{"allow":["GET"]}}],"collection":[{"href":"https:\/\/corrientesdetarde.com\/index.php\/wp-json\/wp\/v2\/posts"}],"about":[{"href":"https:\/\/corrientesdetarde.com\/index.php\/wp-json\/wp\/v2\/types\/post"}],"author":[{"embeddable":true,"href":"https:\/\/corrientesdetarde.com\/index.php\/wp-json\/wp\/v2\/users\/4"}],"replies":[{"embeddable":true,"href":"https:\/\/corrientesdetarde.com\/index.php\/wp-json\/wp\/v2\/comments?post=220382"}],"version-history":[{"count":1,"href":"https:\/\/corrientesdetarde.com\/index.php\/wp-json\/wp\/v2\/posts\/220382\/revisions"}],"predecessor-version":[{"id":220384,"href":"https:\/\/corrientesdetarde.com\/index.php\/wp-json\/wp\/v2\/posts\/220382\/revisions\/220384"}],"wp:featuredmedia":[{"embeddable":true,"href":"https:\/\/corrientesdetarde.com\/index.php\/wp-json\/wp\/v2\/media\/220383"}],"wp:attachment":[{"href":"https:\/\/corrientesdetarde.com\/index.php\/wp-json\/wp\/v2\/media?parent=220382"}],"wp:term":[{"taxonomy":"category","embeddable":true,"href":"https:\/\/corrientesdetarde.com\/index.php\/wp-json\/wp\/v2\/categories?post=220382"},{"taxonomy":"post_tag","embeddable":true,"href":"https:\/\/corrientesdetarde.com\/index.php\/wp-json\/wp\/v2\/tags?post=220382"}],"curies":[{"name":"wp","href":"https:\/\/api.w.org\/{rel}","templated":true}]}}