{"id":220385,"date":"2025-08-04T00:43:28","date_gmt":"2025-08-04T03:43:28","guid":{"rendered":"https:\/\/corrientesdetarde.com\/?p=220385"},"modified":"2025-08-04T22:27:59","modified_gmt":"2025-08-05T01:27:59","slug":"dos-jovenes-murieron-tras-el-choque-entre-una-camioneta-y-una-moto-en-una-ruta-de-corrientes","status":"publish","type":"post","link":"https:\/\/corrientesdetarde.com\/index.php\/policiales\/dos-jovenes-murieron-tras-el-choque-entre-una-camioneta-y-una-moto-en-una-ruta-de-corrientes\/","title":{"rendered":"Dos j\u00f3venes murieron tras el choque entre una camioneta y una moto en una ruta de Corrientes"},"content":{"rendered":"\n<p>El siniestro ocurri\u00f3 en la Ruta Provincial 27, a la altura de Santa Luc\u00eda. Las v\u00edctimas fueron trasladadas al hospital, pero murieron por la gravedad de las heridas.<\/p>\n\n\n\n<p>Dos j\u00f3venes murieron tras un tr\u00e1gico accidente vial ocurrido en la noche del viernes en la Ruta Provincial N\u00b0 27, cerca del kil\u00f3metro 101, en inmediaciones de la localidad correntina de Santa Luc\u00eda.<\/p>\n\n\n\n<p>Seg\u00fan la informaci\u00f3n preliminar brindada por la Polic\u00eda, el siniestro ocurri\u00f3 alrededor de las 21:30 y fue protagonizado por una camioneta Renault Duster, conducida por un hombre mayor de edad, y una motocicleta Guerrero 150cc en la que se desplazaban dos j\u00f3venes.<\/p>\n\n\n\n<p>Ambos motociclistas resultaron gravemente heridos y fueron trasladados al hospital de Goya, donde lamentablemente fallecieron a causa de las lesiones sufridas.<\/p>\n\n\n\n<p>La Unidad Fiscal de turno tom\u00f3 intervenci\u00f3n en el hecho, mientras contin\u00faan las investigaciones para determinar las causas del accidente.<\/p>\n","protected":false},"excerpt":{"rendered":"<p>El siniestro ocurri\u00f3 en la Ruta Provincial 27, a la altura de Santa Luc\u00eda. Las v\u00edctimas fueron trasladadas al hospital, pero murieron por la gravedad de las heridas. Dos j\u00f3venes&hellip; <\/p>\n","protected":false},"author":4,"featured_media":220386,"comment_status":"closed","ping_status":"open","sticky":false,"template":"","format":"standard","meta":{"footnotes":""},"categories":[33],"tags":[],"class_list":["post-220385","post","type-post","status-publish","format-standard","has-post-thumbnail","hentry","category-policiales"],"_links":{"self":[{"href":"https:\/\/corrientesdetarde.com\/index.php\/wp-json\/wp\/v2\/posts\/220385","targetHints":{"allow":["GET"]}}],"collection":[{"href":"https:\/\/corrientesdetarde.com\/index.php\/wp-json\/wp\/v2\/posts"}],"about":[{"href":"https:\/\/corrientesdetarde.com\/index.php\/wp-json\/wp\/v2\/types\/post"}],"author":[{"embeddable":true,"href":"https:\/\/corrientesdetarde.com\/index.php\/wp-json\/wp\/v2\/users\/4"}],"replies":[{"embeddable":true,"href":"https:\/\/corrientesdetarde.com\/index.php\/wp-json\/wp\/v2\/comments?post=220385"}],"version-history":[{"count":1,"href":"https:\/\/corrientesdetarde.com\/index.php\/wp-json\/wp\/v2\/posts\/220385\/revisions"}],"predecessor-version":[{"id":220387,"href":"https:\/\/corrientesdetarde.com\/index.php\/wp-json\/wp\/v2\/posts\/220385\/revisions\/220387"}],"wp:featuredmedia":[{"embeddable":true,"href":"https:\/\/corrientesdetarde.com\/index.php\/wp-json\/wp\/v2\/media\/220386"}],"wp:attachment":[{"href":"https:\/\/corrientesdetarde.com\/index.php\/wp-json\/wp\/v2\/media?parent=220385"}],"wp:term":[{"taxonomy":"category","embeddable":true,"href":"https:\/\/corrientesdetarde.com\/index.php\/wp-json\/wp\/v2\/categories?post=220385"},{"taxonomy":"post_tag","embeddable":true,"href":"https:\/\/corrientesdetarde.com\/index.php\/wp-json\/wp\/v2\/tags?post=220385"}],"curies":[{"name":"wp","href":"https:\/\/api.w.org\/{rel}","templated":true}]}}