{"id":220388,"date":"2025-08-04T09:02:55","date_gmt":"2025-08-04T12:02:55","guid":{"rendered":"https:\/\/corrientesdetarde.com\/?p=220388"},"modified":"2025-08-04T09:02:58","modified_gmt":"2025-08-04T12:02:58","slug":"lautaro-rose-el-lunes-11-de-agosto-declarara-el-ultimo-testigo-se-escucharan-los-alegatos-y-se-dictara-un-veredicto","status":"publish","type":"post","link":"https:\/\/corrientesdetarde.com\/index.php\/crimen-y-justicia\/lautaro-rose-el-lunes-11-de-agosto-declarara-el-ultimo-testigo-se-escucharan-los-alegatos-y-se-dictara-un-veredicto\/","title":{"rendered":"Lautaro Ros\u00e9: El lunes 11 de agosto declarar\u00e1 el \u00faltimo testigo, se escuchar\u00e1n los alegatos y se dictar\u00e1 un veredicto"},"content":{"rendered":"\n<p>El Tribunal presidido por la doctora Ana del Carmen Figueredo, con la participaci\u00f3n como vocales del doctor Dar\u00edo Alejandro Ortiz y el doctor Rom\u00e1n Facundo Esquivel escuchar\u00e1n al \u00faltimo testigo citado, Mat\u00edas David Sotelo, medio hermano de Lautaro Ros\u00e9 quien ser\u00e1 conducido por la fuerza p\u00fablica. Luego alegar\u00e1 la Fiscal\u00eda, la Querella y la Defensa y se dictar\u00e1 un veredicto.<\/p>\n\n\n\n<p>En la Sala del Tribunal Oral Penal N\u00b0 1 de la ciudad de Corrientes continuar\u00e1 el lunes 11 de agosto a las 10.30 el juicio por la muerte del joven Lautaro Ros\u00e9 ocurrida el 8 de noviembre de 2021. Se prev\u00e9 que ese d\u00eda declare el \u00faltimo testigo.<\/p>\n\n\n\n<p>Adem\u00e1s se escuchar\u00e1n los alegatos y el Tribunal dictar\u00e1 un veredicto.<\/p>\n\n\n\n<p>La causa tiene como imputados a seis efectivos del Grupo de Intervenciones R\u00e1pidas (G.I.R), acusados por los delitos de abandono de persona agravado por el resultado muerte; severidades e incumplimiento de los deberes de funcionario p\u00fablico. Todos ellos permanecen en libertad mientras se desarrolla el juicio.<\/p>\n\n\n\n<p><strong>Las partes<\/strong><\/p>\n\n\n\n<p>El Tribunal est\u00e1 presidido por la doctora Ana del Carmen Figueredo, con la participaci\u00f3n como vocales del doctor Dar\u00edo Alejandro Ort\u00edz y el doctor Rom\u00e1n Facundo Esquivel. La secretaria de juicio es la doctora Tamara Lorena Brescovich.<\/p>\n\n\n\n<p>El fiscal de juicio es el doctor Carlos Jos\u00e9 L\u00e9rtora. La defensa de los imputados est\u00e1 a cargo de los doctores, M\u00f3nica Monta\u00f1ez V\u00e1zquez (por Aguirre y Barber\u00e1n Robledo), Diego O. Falc\u00f3n (por Aveiro y Pruyas), y Carlos Navarro y Francisco Leguizam\u00f3n (por Romero y Prieto). Act\u00faan como querellantes conjuntos los doctores Herminio I. Gonz\u00e1lez y Sonia Gonz\u00e1lez.<\/p>\n\n\n\n<p>El delito de abandono de persona agravado por el resultado de muerte prev\u00e9 una pena de 5 a 15 a\u00f1os de prisi\u00f3n. El delito de severidades prev\u00e9 una pena de 1 a 5 a\u00f1os y el de Incumplimiento de los deberes una pena de 1 a 2 a\u00f1os de prisi\u00f3n.<\/p>\n","protected":false},"excerpt":{"rendered":"<p>El Tribunal presidido por la doctora Ana del Carmen Figueredo, con la participaci\u00f3n como vocales del doctor Dar\u00edo Alejandro Ortiz y el doctor Rom\u00e1n Facundo Esquivel escuchar\u00e1n al \u00faltimo testigo&hellip; <\/p>\n","protected":false},"author":1,"featured_media":220397,"comment_status":"closed","ping_status":"open","sticky":false,"template":"","format":"standard","meta":{"footnotes":""},"categories":[5],"tags":[],"class_list":["post-220388","post","type-post","status-publish","format-standard","has-post-thumbnail","hentry","category-crimen-y-justicia"],"_links":{"self":[{"href":"https:\/\/corrientesdetarde.com\/index.php\/wp-json\/wp\/v2\/posts\/220388","targetHints":{"allow":["GET"]}}],"collection":[{"href":"https:\/\/corrientesdetarde.com\/index.php\/wp-json\/wp\/v2\/posts"}],"about":[{"href":"https:\/\/corrientesdetarde.com\/index.php\/wp-json\/wp\/v2\/types\/post"}],"author":[{"embeddable":true,"href":"https:\/\/corrientesdetarde.com\/index.php\/wp-json\/wp\/v2\/users\/1"}],"replies":[{"embeddable":true,"href":"https:\/\/corrientesdetarde.com\/index.php\/wp-json\/wp\/v2\/comments?post=220388"}],"version-history":[{"count":1,"href":"https:\/\/corrientesdetarde.com\/index.php\/wp-json\/wp\/v2\/posts\/220388\/revisions"}],"predecessor-version":[{"id":220398,"href":"https:\/\/corrientesdetarde.com\/index.php\/wp-json\/wp\/v2\/posts\/220388\/revisions\/220398"}],"wp:featuredmedia":[{"embeddable":true,"href":"https:\/\/corrientesdetarde.com\/index.php\/wp-json\/wp\/v2\/media\/220397"}],"wp:attachment":[{"href":"https:\/\/corrientesdetarde.com\/index.php\/wp-json\/wp\/v2\/media?parent=220388"}],"wp:term":[{"taxonomy":"category","embeddable":true,"href":"https:\/\/corrientesdetarde.com\/index.php\/wp-json\/wp\/v2\/categories?post=220388"},{"taxonomy":"post_tag","embeddable":true,"href":"https:\/\/corrientesdetarde.com\/index.php\/wp-json\/wp\/v2\/tags?post=220388"}],"curies":[{"name":"wp","href":"https:\/\/api.w.org\/{rel}","templated":true}]}}