{"id":220390,"date":"2025-08-04T08:55:30","date_gmt":"2025-08-04T11:55:30","guid":{"rendered":"https:\/\/corrientesdetarde.com\/?p=220390"},"modified":"2025-08-04T08:55:41","modified_gmt":"2025-08-04T11:55:41","slug":"vamos-corrientes-descorre-el-telon-del-ultimo-mes-de-campana","status":"publish","type":"post","link":"https:\/\/corrientesdetarde.com\/index.php\/locales\/vamos-corrientes-descorre-el-telon-del-ultimo-mes-de-campana\/","title":{"rendered":"Vamos Corrientes descorre el tel\u00f3n del \u00faltimo mes de campa\u00f1a"},"content":{"rendered":"\n<p>En Capital se intensifican los actos por los barrios, uno de los principales bastiones que Vamos Corrientes buscar\u00e1 sostener, sin desatender el interior, donde el gobernador Gustavo Vald\u00e9s mantuvo agenda oficial. El postulante a sucederlo, Juan Pablo Vald\u00e9s, manifest\u00f3 la necesidad de continuar con el modelo Provincia- Municipio. En tanto, el intendente Eduardo Tassano destac\u00f3 las inversiones realizadas en Capital y Claudio Polich anticip\u00f3 la pavimentaci\u00f3n de 2.000 cuadras.<\/p>\n\n\n\n<p>Falta menos de un mes para los comicios en un escenario m\u00e1s que complejo, con una fragmentaci\u00f3n de espacios electorales pocas veces avizoradas para el m\u00e1ximo cargo ejecutivo provincial. Para ello, el acompa\u00f1amiento popular en las urnas en los grandes centros urbanos ser\u00e1 fundamental. Uno de los centros que se disputan las fuerzas es la capital provincial, cuya gesti\u00f3n hoy est\u00e1 en manos del radical Eduardo Tassano, quien encabeza la lista de diputados provinciales del oficialismo.<\/p>\n\n\n\n<p>Su correligionario y ministro de Obras y Servicios P\u00fablicos, Claudio Polich, conf\u00eda en que habr\u00e1 traspaso de mando. No obstante, se intensifica la campa\u00f1a, con recorridos, panfleteadas y actos en los barrios. La disputa por el territorio es m\u00e1s que visible con otros espacios como La Libertad Avanza (LLA) que lleva una estrategia de caminatas por los barrios, al igual que Limpiar Corrientes. Mientras tanto, ECO comenz\u00f3 a sumar pasacalles por las principales avenidas de la ciudad.<\/p>\n\n\n<div class=\"wp-block-image\">\n<figure class=\"aligncenter\"><img decoding=\"async\" src=\"https:\/\/www.diarioepoca.com\/content\/bucket\/0\/1441950w380h357c.jpg.webp\" alt=\"\"\/><\/figure>\n<\/div>\n\n\n<p>La obra p\u00fablica es uno de los principales ejes de campa\u00f1a. Desde Vamos Corrientes destacaron la &#8220;reparaci\u00f3n hist\u00f3rica&#8221; de Capital con la pavimentaci\u00f3n de 2.700 cuadras en siete a\u00f1os y planifican otras 2.000 en los pr\u00f3ximos a\u00f1os, en caso de que Polich asuma como intendente.<\/p>\n\n\n\n<p>&#8220;Nos comprometemos que en la pr\u00f3xima gesti\u00f3n vamos a hacer 2.000 cuadras de pavimento, continuando las obras de infraestructura que llev\u00f3 modernizaci\u00f3n a todos los barrios de Corrientes y no solo en las calles, tambi\u00e9n en los espacios p\u00fablicos para que las familias puedan disfrutar, como en las m\u00e1s de 60 plazas que se intervinieron&#8221;, expres\u00f3 el candidato a jefe comunal de Vamos Corrientes durante un acto en complejo Laguna Seca.<\/p>\n\n\n\n<p>&#8220;Cuando asumimos hab\u00eda 60% de calle de tierra. Hoy, entre los tres ejes de trabajo de pavimentaci\u00f3n, ripio y cord\u00f3n cuneta o ripio solo queda solamente un 10%. Eso quiere decir que hay un gran porcentaje de calle que se hicieron y eso no es en el centro&#8221;, expres\u00f3 Tassano, por su parte, a Radio Dos.<\/p>\n\n\n<div class=\"wp-block-image\">\n<figure class=\"aligncenter\"><img decoding=\"async\" src=\"https:\/\/www.diarioepoca.com\/content\/bucket\/1\/1441951w380h357c.jpg.webp\" alt=\"\"\/><\/figure>\n<\/div>\n\n\n<p>El Jefe comunal tambi\u00e9n revaloriz\u00f3 los espacios p\u00fablicos. &#8220;Habilitamos m\u00e1s de 250 plazas&#8221;, se\u00f1al\u00f3 el Intendente, quien record\u00f3 que con anterioridad hab\u00eda &#8220;38 bald\u00edos llenos de basurales&#8221; que se transformaron en plazas para los vecinos y &#8220;eso no es dentro de las cuatro avenidas&#8221;, reiter\u00f3 su respuesta a las cr\u00edticas de la oposici\u00f3n de solo intervenir en la zona c\u00e9ntrica de la ciudad. &#8220;El 80% de la inversi\u00f3n que hizo el Gobierno Provincial y la Municipalidad se concentra en los barrios&#8221;, destac\u00f3 Tassano en declaraciones radiales.<\/p>\n\n\n\n<p>El Intendente, adem\u00e1s, destac\u00f3 el perfil de Polich como candidato a sucederlo. &#8220;Es muy conocedor de la ciudad, muy trabajador y muy inteligente. Me gusta mucho que est\u00e9 muy interesado en estas cosas que venimos hablando por el desarrollo de Corrientes, el turismo, y completar las obras de infraestructura. Si gana \u00e9l, vamos a tener un gran jefe comunal&#8221;, augur\u00f3 durante la entrevista radial.<\/p>\n\n\n\n<p>&#8220;Estamos esta noche en el coraz\u00f3n geogr\u00e1fico de la ciudad de Corrientes y ac\u00e1 siempre es impresionante la cantidad de gente que acude a los actos de Vamos Corrientes. Esto tiene que ver con la expectativa que tiene el ciudadano con una alternativa electoral que trabaj\u00f3 m\u00e1s de siete a\u00f1os para poder transformar esta ciudad&#8221;, sostuvo, por su parte, Polich durante el acto en el populoso Laguna Seca, uno de los distritos que define elecciones.<\/p>\n\n\n\n<p>&#8220;Todos sabemos que en conjunto aparecieron las soluciones y la propuesta es que sigamos construyendo juntos la ciudad que queremos. Sabemos que concretamos mucho, pero tambi\u00e9n que falta mucho. Sabemos c\u00f3mo hacerlo y tenemos los equipos y la voluntad&#8221;, manifest\u00f3 el candidato a intendente de Vamos Corrientes.<\/p>\n\n\n\n<p>El candidato a gobernador Juan Pablo Vald\u00e9s tambi\u00e9n apel\u00f3 a esta impronta de trabajo en equipo. &#8220;Quiero que se tenga muy presente que tenemos que seguir trabajando alineados, con Caludio Polich y Ariel B\u00e1ez en la intendencia, con todos los equipos municipales y provinciales, trabajando juntos para el desarrollo de Capital&#8221;, expres\u00f3 el tambi\u00e9n Intendente de Ituzaing\u00f3 en el acto del oficialismo en el Laguna Seca.<\/p>\n\n\n\n<p>&#8220;Nosotros lo vamos a hacer porque tenemos la fuerza y el equipo, la experiencia y un plan claro: desarrollar y hacer grande a esta provincia&#8221;, enfatiz\u00f3 Vald\u00e9s en el escenario que comparti\u00f3 con los candidatos del oficialismo provincial. &#8220;Eduardo y yo ahora vamos a estar en la Legislatura y desde ah\u00ed vamos a ser los garantes de que la gesti\u00f3n de Juan Pablo y de Claudio sea mucho mejor que la nuestra&#8221;, sostuvo Gustavo Vald\u00e9s.<\/p>\n","protected":false},"excerpt":{"rendered":"<p>En Capital se intensifican los actos por los barrios, uno de los principales bastiones que Vamos Corrientes buscar\u00e1 sostener, sin desatender el interior, donde el gobernador Gustavo Vald\u00e9s mantuvo agenda&hellip; <\/p>\n","protected":false},"author":1,"featured_media":220272,"comment_status":"closed","ping_status":"open","sticky":false,"template":"","format":"standard","meta":{"footnotes":""},"categories":[8],"tags":[],"class_list":["post-220390","post","type-post","status-publish","format-standard","has-post-thumbnail","hentry","category-locales"],"_links":{"self":[{"href":"https:\/\/corrientesdetarde.com\/index.php\/wp-json\/wp\/v2\/posts\/220390","targetHints":{"allow":["GET"]}}],"collection":[{"href":"https:\/\/corrientesdetarde.com\/index.php\/wp-json\/wp\/v2\/posts"}],"about":[{"href":"https:\/\/corrientesdetarde.com\/index.php\/wp-json\/wp\/v2\/types\/post"}],"author":[{"embeddable":true,"href":"https:\/\/corrientesdetarde.com\/index.php\/wp-json\/wp\/v2\/users\/1"}],"replies":[{"embeddable":true,"href":"https:\/\/corrientesdetarde.com\/index.php\/wp-json\/wp\/v2\/comments?post=220390"}],"version-history":[{"count":1,"href":"https:\/\/corrientesdetarde.com\/index.php\/wp-json\/wp\/v2\/posts\/220390\/revisions"}],"predecessor-version":[{"id":220391,"href":"https:\/\/corrientesdetarde.com\/index.php\/wp-json\/wp\/v2\/posts\/220390\/revisions\/220391"}],"wp:featuredmedia":[{"embeddable":true,"href":"https:\/\/corrientesdetarde.com\/index.php\/wp-json\/wp\/v2\/media\/220272"}],"wp:attachment":[{"href":"https:\/\/corrientesdetarde.com\/index.php\/wp-json\/wp\/v2\/media?parent=220390"}],"wp:term":[{"taxonomy":"category","embeddable":true,"href":"https:\/\/corrientesdetarde.com\/index.php\/wp-json\/wp\/v2\/categories?post=220390"},{"taxonomy":"post_tag","embeddable":true,"href":"https:\/\/corrientesdetarde.com\/index.php\/wp-json\/wp\/v2\/tags?post=220390"}],"curies":[{"name":"wp","href":"https:\/\/api.w.org\/{rel}","templated":true}]}}