{"id":220400,"date":"2025-08-11T09:10:00","date_gmt":"2025-08-11T12:10:00","guid":{"rendered":"https:\/\/corrientesdetarde.com\/?p=220400"},"modified":"2025-08-11T09:42:58","modified_gmt":"2025-08-11T12:42:58","slug":"donde-voto-consulta-el-padron-definitivo-para-las-elecciones-en-corrientes-2","status":"publish","type":"post","link":"https:\/\/corrientesdetarde.com\/index.php\/eventos\/donde-voto-consulta-el-padron-definitivo-para-las-elecciones-en-corrientes-2\/","title":{"rendered":"\u00bfD\u00f3nde voto?: consult\u00e1 el padr\u00f3n definitivo para las elecciones en Corrientes"},"content":{"rendered":"\n<p>Los ciudadanos de la provincia ya pueden conocer su lugar de votaci\u00f3n para las Elecciones Provinciales 2025, que se realizar\u00e1n el&nbsp;<strong>domingo 31 de agosto<\/strong>. La&nbsp;<strong>Secretar\u00eda Electoral<\/strong>&nbsp;public\u00f3 el padr\u00f3n definitivo que est\u00e1 disponible haciendo click en el link que acompa\u00f1a este art\u00edculo. Total de electores inscriptos es de 950.320 personas.<\/p>\n\n\n\n<p><a href=\"https:\/\/padron.corrientes.gob.ar\">https:\/\/padron.corrientes.gob.ar<\/a><\/p>\n\n\n\n<p><\/p>\n","protected":false},"excerpt":{"rendered":"<p>Los ciudadanos de la provincia ya pueden conocer su lugar de votaci\u00f3n para las Elecciones Provinciales 2025, que se realizar\u00e1n el&nbsp;domingo 31 de agosto. La&nbsp;Secretar\u00eda Electoral&nbsp;public\u00f3 el padr\u00f3n definitivo que&hellip; <\/p>\n","protected":false},"author":1,"featured_media":220407,"comment_status":"closed","ping_status":"open","sticky":false,"template":"","format":"standard","meta":{"footnotes":""},"categories":[22],"tags":[],"class_list":["post-220400","post","type-post","status-publish","format-standard","has-post-thumbnail","hentry","category-eventos"],"_links":{"self":[{"href":"https:\/\/corrientesdetarde.com\/index.php\/wp-json\/wp\/v2\/posts\/220400","targetHints":{"allow":["GET"]}}],"collection":[{"href":"https:\/\/corrientesdetarde.com\/index.php\/wp-json\/wp\/v2\/posts"}],"about":[{"href":"https:\/\/corrientesdetarde.com\/index.php\/wp-json\/wp\/v2\/types\/post"}],"author":[{"embeddable":true,"href":"https:\/\/corrientesdetarde.com\/index.php\/wp-json\/wp\/v2\/users\/1"}],"replies":[{"embeddable":true,"href":"https:\/\/corrientesdetarde.com\/index.php\/wp-json\/wp\/v2\/comments?post=220400"}],"version-history":[{"count":2,"href":"https:\/\/corrientesdetarde.com\/index.php\/wp-json\/wp\/v2\/posts\/220400\/revisions"}],"predecessor-version":[{"id":221622,"href":"https:\/\/corrientesdetarde.com\/index.php\/wp-json\/wp\/v2\/posts\/220400\/revisions\/221622"}],"wp:featuredmedia":[{"embeddable":true,"href":"https:\/\/corrientesdetarde.com\/index.php\/wp-json\/wp\/v2\/media\/220407"}],"wp:attachment":[{"href":"https:\/\/corrientesdetarde.com\/index.php\/wp-json\/wp\/v2\/media?parent=220400"}],"wp:term":[{"taxonomy":"category","embeddable":true,"href":"https:\/\/corrientesdetarde.com\/index.php\/wp-json\/wp\/v2\/categories?post=220400"},{"taxonomy":"post_tag","embeddable":true,"href":"https:\/\/corrientesdetarde.com\/index.php\/wp-json\/wp\/v2\/tags?post=220400"}],"curies":[{"name":"wp","href":"https:\/\/api.w.org\/{rel}","templated":true}]}}