{"id":220401,"date":"2025-08-04T09:08:45","date_gmt":"2025-08-04T12:08:45","guid":{"rendered":"https:\/\/corrientesdetarde.com\/?p=220401"},"modified":"2025-08-04T09:08:46","modified_gmt":"2025-08-04T12:08:46","slug":"tragico-choque-frontal-entre-dos-autos-murieron-tres-ninos-y-un-adulto","status":"publish","type":"post","link":"https:\/\/corrientesdetarde.com\/index.php\/policiales\/tragico-choque-frontal-entre-dos-autos-murieron-tres-ninos-y-un-adulto\/","title":{"rendered":"Tr\u00e1gico choque frontal entre dos autos: murieron tres ni\u00f1os y un adulto"},"content":{"rendered":"\n<p>Un tr\u00e1gico choque frontal dej\u00f3 cuatro personas fallecidas, entre ellas tres ni\u00f1os, durante la madrugada de este domingo en la Ruta Nacional N\u00b019, en C\u00f3rdoba, en otro grave accidente ocurrido durante las vacaciones de invierno.<\/p>\n\n\n\n<p><\/p>\n\n\n\n<p><br>El dram\u00e1tico accidente ocurri\u00f3 a la altura del kil\u00f3metro 213, entre las localidades de El T\u00edo y El Fuertecito, en el departamento Ansenuza.<\/p>\n\n\n\n<p>Fuentes policiales informaron que el choque se produjo entre un Volkswagen Bora y un Fiat 147. En el primero viajaban tres j\u00f3venes de 19 a\u00f1os, mientras que el segundo transportaba a un hombre de 33 a\u00f1os, dos adolescentes de 15 y 17 a\u00f1os, y tres ni\u00f1os de 8, 10 y 12 a\u00f1os.<\/p>\n\n\n\n<p>Las v\u00edctimas fatales fueron identificadas com Ricardo Argentino Oliva, de 33 a\u00f1os, y sus tres hijos, Thiago (12), Miqueas (11) y Liz (9).<\/p>\n\n\n\n<p>El impacto se produjo por alcance, minutos antes de las 5 de la ma\u00f1ana, y termin\u00f3 de manera tr\u00e1gica con la vida de los cuatro ocupantes principales del Fiat La violencia del impacto fue tal que los tres ni\u00f1os y el adulto murieron pr\u00e1cticamente en el acto.<\/p>\n\n\n\n<p>Los ocupantes del Volkswagen Bora fueron quienes alertaron a los servicios de emergencia. R\u00e1pidamente, los equipos de rescate llegaron al lugar y confirmaron el fallecimiento de las cuatro personas.<\/p>\n\n\n\n<p>Las dos adolescentes que sobrevivieron al choque fueron trasladadas con heridas de gravedad al hospital municipal de Arroyito, donde permanecen internadas en estado cr\u00edtico.<\/p>\n\n\n\n<p>Las causas exactas que provocaron el accidente a\u00fan est\u00e1n siendo investigadas por la fiscal\u00eda a cargo del caso. Se han ordenado pericias en el lugar para esclarecer la mec\u00e1nica del choque y determinar si hubo responsabilidad por parte de alguno de los conductores.<\/p>\n\n\n\n<p>Adicionalmente, se realizar\u00e1 un test de alcoholemia al conductor del Volkswagen Bora como parte de la investigaci\u00f3n.<\/p>\n\n\n\n<p>En tanto, la escuela a la que asist\u00edan los tres ni\u00f1os comparti\u00f3 un sentido comunicado en redes sociales. &#8220;Hoy nos toca atravesar uno de los momentos m\u00e1s tristes que puede vivir una Comunidad Educativa. Sabemos que no hay palabras suficientes para aliviar el impacto de esta tragedia, pero s\u00ed queremos acompa\u00f1arnos en este duelo, sostenernos como equipo y brindar a nuestras familias y estudiantes todo nuestro respeto, contenci\u00f3n y amor&#8221;, lamentaron.<\/p>\n","protected":false},"excerpt":{"rendered":"<p>Un tr\u00e1gico choque frontal dej\u00f3 cuatro personas fallecidas, entre ellas tres ni\u00f1os, durante la madrugada de este domingo en la Ruta Nacional N\u00b019, en C\u00f3rdoba, en otro grave accidente ocurrido&hellip; <\/p>\n","protected":false},"author":1,"featured_media":220404,"comment_status":"closed","ping_status":"open","sticky":false,"template":"","format":"standard","meta":{"footnotes":""},"categories":[33],"tags":[],"class_list":["post-220401","post","type-post","status-publish","format-standard","has-post-thumbnail","hentry","category-policiales"],"_links":{"self":[{"href":"https:\/\/corrientesdetarde.com\/index.php\/wp-json\/wp\/v2\/posts\/220401","targetHints":{"allow":["GET"]}}],"collection":[{"href":"https:\/\/corrientesdetarde.com\/index.php\/wp-json\/wp\/v2\/posts"}],"about":[{"href":"https:\/\/corrientesdetarde.com\/index.php\/wp-json\/wp\/v2\/types\/post"}],"author":[{"embeddable":true,"href":"https:\/\/corrientesdetarde.com\/index.php\/wp-json\/wp\/v2\/users\/1"}],"replies":[{"embeddable":true,"href":"https:\/\/corrientesdetarde.com\/index.php\/wp-json\/wp\/v2\/comments?post=220401"}],"version-history":[{"count":1,"href":"https:\/\/corrientesdetarde.com\/index.php\/wp-json\/wp\/v2\/posts\/220401\/revisions"}],"predecessor-version":[{"id":220406,"href":"https:\/\/corrientesdetarde.com\/index.php\/wp-json\/wp\/v2\/posts\/220401\/revisions\/220406"}],"wp:featuredmedia":[{"embeddable":true,"href":"https:\/\/corrientesdetarde.com\/index.php\/wp-json\/wp\/v2\/media\/220404"}],"wp:attachment":[{"href":"https:\/\/corrientesdetarde.com\/index.php\/wp-json\/wp\/v2\/media?parent=220401"}],"wp:term":[{"taxonomy":"category","embeddable":true,"href":"https:\/\/corrientesdetarde.com\/index.php\/wp-json\/wp\/v2\/categories?post=220401"},{"taxonomy":"post_tag","embeddable":true,"href":"https:\/\/corrientesdetarde.com\/index.php\/wp-json\/wp\/v2\/tags?post=220401"}],"curies":[{"name":"wp","href":"https:\/\/api.w.org\/{rel}","templated":true}]}}