{"id":22046,"date":"2022-11-23T12:34:52","date_gmt":"2022-11-23T15:34:52","guid":{"rendered":"https:\/\/corrientesdetarde.com\/?p=22046"},"modified":"2022-11-23T12:34:55","modified_gmt":"2022-11-23T15:34:55","slug":"artistas-de-el-sombrero-san-miguel-y-capital-compitieron-por-un-lugar-en-la-fiesta-grande","status":"publish","type":"post","link":"https:\/\/corrientesdetarde.com\/index.php\/cultura\/artistas-de-el-sombrero-san-miguel-y-capital-compitieron-por-un-lugar-en-la-fiesta-grande\/","title":{"rendered":"Artistas de El Sombrero, San Miguel y Capital compitieron por un lugar en la fiesta grandE"},"content":{"rendered":"\n<p>Los que resulten seleccionados en la final, tendr\u00e1n un lugar en la celebraci\u00f3n chamamecera a realizarse del 13 al 24 de enero en el Anfiteatro Mario del Tr\u00e1nsito Cocomarola.\u00a0\u00a0<\/p>\n\n\n\n<p>Con una amplia convocatoria de p\u00fablico, este fin de semana se llevaron a cabo los cert\u00e1menes pre fiesta nacional del chamam\u00e9 en la localidad de El Sombrero (viernes), San Miguel (s\u00e1bado), y el lunes en la capital de Corrientes. Los 16 finalistas se sumar\u00e1n a los ganadores de las dem\u00e1s subsedes y quienes resulten seleccionados en la final, tendr\u00e1n un lugar en la fiesta grande a realizarse del 13 al 24 de enero en el Anfiteatro Mario del Tr\u00e1nsito Cocomarola.&nbsp;<\/p>\n\n\n\n<p>Organizado por el Instituto de Cultura de Corrientes, se desarrollan los cert\u00e1menes pre fiesta nacional del chamam\u00e9, una instancia de acceso a la programaci\u00f3n musical de la m\u00e1s grande celebraci\u00f3n chamamecera para los valores emergentes. Los selectivos se llevan adelante en sedes de distintos puntos del pa\u00eds, al igual que en localidades vecinas de Paraguay y Brasil. Los ganadores formar\u00e1n parte de la grilla de artistas que subir\u00e1n al escenario Osvaldo Sosa Cordero, del 13 al 24 de enero de 2023. &nbsp;<\/p>\n\n\n\n<p>Los finalistas de cada sede, ya sea en las vertientes danza o m\u00fasica, competir\u00e1n en la gran final de cert\u00e1menes pre fiesta nacional del chamam\u00e9, por un lugar en el escenario mayor. &nbsp;&nbsp;<\/p>\n\n\n\n<p>Este fin de semana los cert\u00e1menes se realizaron en la localidad de El Sombrero el viernes, San Miguel el s\u00e1bado, y el lunes en la capital de Corrientes. De los 48 participantes, resultaron finalistas 16, &nbsp;que se suman a los restantes finalistas de las sedes que ya realizaron su certamen pre fiesta. &nbsp;<\/p>\n\n\n\n<p>La Pareja Nacional del Chamam\u00e9 2022, Milagros Cerd\u00e1n y Diego Jara, engalanaron la sede San Miguel. Por su parte, la Pareja Nacional Juvenil del Chamam\u00e9 2022, Oriana Ornella Ortielli y Ariel Andr\u00e9s Gonz\u00e1lez, engalanaron la sede Corrientes Capital.&nbsp;<\/p>\n","protected":false},"excerpt":{"rendered":"<p>Los que resulten seleccionados en la final, tendr\u00e1n un lugar en la celebraci\u00f3n chamamecera a realizarse del 13 al 24 de enero en el Anfiteatro Mario del Tr\u00e1nsito Cocomarola.\u00a0\u00a0 Con&hellip; <\/p>\n","protected":false},"author":4,"featured_media":22056,"comment_status":"closed","ping_status":"open","sticky":false,"template":"","format":"standard","meta":{"footnotes":""},"categories":[15],"tags":[],"class_list":["post-22046","post","type-post","status-publish","format-standard","has-post-thumbnail","hentry","category-cultura"],"_links":{"self":[{"href":"https:\/\/corrientesdetarde.com\/index.php\/wp-json\/wp\/v2\/posts\/22046","targetHints":{"allow":["GET"]}}],"collection":[{"href":"https:\/\/corrientesdetarde.com\/index.php\/wp-json\/wp\/v2\/posts"}],"about":[{"href":"https:\/\/corrientesdetarde.com\/index.php\/wp-json\/wp\/v2\/types\/post"}],"author":[{"embeddable":true,"href":"https:\/\/corrientesdetarde.com\/index.php\/wp-json\/wp\/v2\/users\/4"}],"replies":[{"embeddable":true,"href":"https:\/\/corrientesdetarde.com\/index.php\/wp-json\/wp\/v2\/comments?post=22046"}],"version-history":[{"count":1,"href":"https:\/\/corrientesdetarde.com\/index.php\/wp-json\/wp\/v2\/posts\/22046\/revisions"}],"predecessor-version":[{"id":22057,"href":"https:\/\/corrientesdetarde.com\/index.php\/wp-json\/wp\/v2\/posts\/22046\/revisions\/22057"}],"wp:featuredmedia":[{"embeddable":true,"href":"https:\/\/corrientesdetarde.com\/index.php\/wp-json\/wp\/v2\/media\/22056"}],"wp:attachment":[{"href":"https:\/\/corrientesdetarde.com\/index.php\/wp-json\/wp\/v2\/media?parent=22046"}],"wp:term":[{"taxonomy":"category","embeddable":true,"href":"https:\/\/corrientesdetarde.com\/index.php\/wp-json\/wp\/v2\/categories?post=22046"},{"taxonomy":"post_tag","embeddable":true,"href":"https:\/\/corrientesdetarde.com\/index.php\/wp-json\/wp\/v2\/tags?post=22046"}],"curies":[{"name":"wp","href":"https:\/\/api.w.org\/{rel}","templated":true}]}}