{"id":220492,"date":"2025-08-04T14:50:20","date_gmt":"2025-08-04T17:50:20","guid":{"rendered":"https:\/\/corrientesdetarde.com\/?p=220492"},"modified":"2025-08-04T14:50:32","modified_gmt":"2025-08-04T17:50:32","slug":"river-vende-a-uno-de-los-jugadores-marginados-por-marcelo-gallardo","status":"publish","type":"post","link":"https:\/\/corrientesdetarde.com\/index.php\/deportes\/river-vende-a-uno-de-los-jugadores-marginados-por-marcelo-gallardo\/","title":{"rendered":"River vende a uno de los jugadores marginados por Marcelo Gallardo"},"content":{"rendered":"\n<p>El t\u00e9cnico le hab\u00eda comunicado que no lo iba a tener en cuenta para la temporada, por lo que el futbolista decidi\u00f3 cambiar de aire.<\/p>\n\n\n\n<p>En las \u00faltimas horas,\u00a0<strong>River acord\u00f3 la venta de Santiago Sim\u00f3n<\/strong>, uno de los jugadores a los que<strong>\u00a0Marcelo Gallardo hab\u00eda marginado en esta nueva etapa.<\/strong>\u00a0El polifuncional volante ser\u00e1 nuevo jugador del Toluca de M\u00e9xico a cambio de<strong>\u00a03 millones de d\u00f3lares por el 50 por ciento del pase.<\/strong><\/p>\n\n\n\n<p>Sin dudas es una despedida amarga para Sim\u00f3n, que hizo inferiores en el club y que goz\u00f3 de muchas titularidades con Gallardo y Mart\u00edn Demichelis. Sin embargo,<strong>&nbsp;la baja de su nivel y la gran cantidad de refuerzos que llegaron al Millonario lo dejaron afuera en esta temporada.<\/strong><\/p>\n\n\n\n<figure class=\"wp-block-image\"><img decoding=\"async\" src=\"https:\/\/tn.com.ar\/resizer\/v2\/santiago-simon-se-va-de-river-tras-no-ser-tenido-en-cuenta-por-marcelo-gallardo-foto-santiago-simon-ig-CKBBA2ZT2NFYBNCMDZFEO6KW4Y.jpg?auth=f5da3826af67d32b4b69ec3926fb891b9278ae989505c87440e049912db26b6a&amp;width=767\" alt=\"Santiago Sim\u00f3n se va de River tras no ser tenido en cuenta por Marcelo Gallardo. (Foto Santiago Sim\u00f3n IG)\"\/><\/figure>\n\n\n\n<p>De hecho,&nbsp;<strong>el \u00faltimo partido de Sim\u00f3n con la banda hab\u00eda sido el 23 de abril<\/strong>, contra Independiente del Valle, en un partido por la Copa Libertadores.<\/p>\n\n\n\n<p><strong>Esta venta le abrir\u00e1 a River la posibilidad de incorporar nuevamente en el mercado de pases<\/strong>, dado que si un club vende al exterior a uno de sus futbolistas, se le abrir\u00e1 un cupo hasta el 31 de agosto, d\u00eda en el que cierra el mercado de pases en Europa.<\/p>\n\n\n\n<figure class=\"wp-block-image\"><img decoding=\"async\" src=\"https:\/\/tn.com.ar\/resizer\/v2\/el-ultimo-partido-de-simon-con-river-fue-el-23-de-abril-contra-independiente-del-valle-en-la-copa-libertadores-reuterscristina-vega-EJYZMKDJYVGXQK4KWSHZHUTR4Q.jpg?auth=edb3dd2d49867747c3ce8a08720cdd40076489c341890d63f133224ce0cea17a&amp;width=767\" alt=\"El \u00faltimo partido de Sim\u00f3n con River fue el 23 de abril, contra Independiente del Valle, en la Copa Libertadores. (REUTERS\/Cristina Vega)\"\/><\/figure>\n\n\n\n<p>Los otros jugadores que no son tenidos en cuenta y que a\u00fan contin\u00faan en el club son&nbsp;<strong>Manuel Lanzini&nbsp;<\/strong>y&nbsp;<strong>Mat\u00edas Rojas<\/strong>. Otros, como Leandro Gonz\u00e1lez Pires (se fue a Estudiantes), Rodrigo Aliendro (se fue a V\u00e9lez) y Gonzalo Tapia (San Pablo), ya solucionaron su situaci\u00f3n y se encuentran jugando en otros clubes.<\/p>\n\n\n\n<p>Sim\u00f3n se va de River tras haber jugado 146 partidos, con seis goles y 16 asistencias. En Nu\u00f1ez gan\u00f3 cinco t\u00edtulos entre los que se encuentran la Liga Profesional 2021 y 2023, Supercopa Argentina 2023 y Trofeo de Campeones 2021 y 2023.<\/p>\n","protected":false},"excerpt":{"rendered":"<p>El t\u00e9cnico le hab\u00eda comunicado que no lo iba a tener en cuenta para la temporada, por lo que el futbolista decidi\u00f3 cambiar de aire. En las \u00faltimas horas,\u00a0River acord\u00f3&hellip; <\/p>\n","protected":false},"author":8,"featured_media":220493,"comment_status":"closed","ping_status":"open","sticky":false,"template":"","format":"standard","meta":{"footnotes":""},"categories":[4],"tags":[],"class_list":["post-220492","post","type-post","status-publish","format-standard","has-post-thumbnail","hentry","category-deportes"],"_links":{"self":[{"href":"https:\/\/corrientesdetarde.com\/index.php\/wp-json\/wp\/v2\/posts\/220492","targetHints":{"allow":["GET"]}}],"collection":[{"href":"https:\/\/corrientesdetarde.com\/index.php\/wp-json\/wp\/v2\/posts"}],"about":[{"href":"https:\/\/corrientesdetarde.com\/index.php\/wp-json\/wp\/v2\/types\/post"}],"author":[{"embeddable":true,"href":"https:\/\/corrientesdetarde.com\/index.php\/wp-json\/wp\/v2\/users\/8"}],"replies":[{"embeddable":true,"href":"https:\/\/corrientesdetarde.com\/index.php\/wp-json\/wp\/v2\/comments?post=220492"}],"version-history":[{"count":1,"href":"https:\/\/corrientesdetarde.com\/index.php\/wp-json\/wp\/v2\/posts\/220492\/revisions"}],"predecessor-version":[{"id":220494,"href":"https:\/\/corrientesdetarde.com\/index.php\/wp-json\/wp\/v2\/posts\/220492\/revisions\/220494"}],"wp:featuredmedia":[{"embeddable":true,"href":"https:\/\/corrientesdetarde.com\/index.php\/wp-json\/wp\/v2\/media\/220493"}],"wp:attachment":[{"href":"https:\/\/corrientesdetarde.com\/index.php\/wp-json\/wp\/v2\/media?parent=220492"}],"wp:term":[{"taxonomy":"category","embeddable":true,"href":"https:\/\/corrientesdetarde.com\/index.php\/wp-json\/wp\/v2\/categories?post=220492"},{"taxonomy":"post_tag","embeddable":true,"href":"https:\/\/corrientesdetarde.com\/index.php\/wp-json\/wp\/v2\/tags?post=220492"}],"curies":[{"name":"wp","href":"https:\/\/api.w.org\/{rel}","templated":true}]}}