{"id":220518,"date":"2025-08-04T16:46:39","date_gmt":"2025-08-04T19:46:39","guid":{"rendered":"https:\/\/corrientesdetarde.com\/?p=220518"},"modified":"2025-08-04T16:46:43","modified_gmt":"2025-08-04T19:46:43","slug":"thiago-medina-respondio-a-las-criticas-de-daniela-celis-nadie-va-a-impedir-que-vea-a-mis-hijas","status":"publish","type":"post","link":"https:\/\/corrientesdetarde.com\/index.php\/espectaculos\/thiago-medina-respondio-a-las-criticas-de-daniela-celis-nadie-va-a-impedir-que-vea-a-mis-hijas\/","title":{"rendered":"Thiago Medina respondi\u00f3 a las cr\u00edticas de Daniela Celis: \u201cNadie va a impedir que vea a mis hijas\u201d"},"content":{"rendered":"\n<p>A tres meses de su separaci\u00f3n, la expareja no logra ponerse de acuerdo.<\/p>\n\n\n\n<p><strong>Thiago Medina<\/strong> us\u00f3 las redes sociales para escribir un contundente mensaje en medio de su interna con\u00a0<strong>Daniela Celis.\u00a0<\/strong>La pareja confirm\u00f3 su ruptura en mayo\u00a0y desde entonces se mostraron conciliadores hasta este fin de semana que estall\u00f3 la pol\u00e9mica.<\/p>\n\n\n\n<p>Despu\u00e9s de unos enigm\u00e1ticos mensajes de la exparticipante de&nbsp;<em>Gran Hermano<\/em>&nbsp;(<em>Telefe<\/em>) en redes, el joven se mostr\u00f3 bailando muy divertido con sus hijas gemelas, Laia y Aim\u00e9.<\/p>\n\n\n\n<figure class=\"wp-block-image\"><img decoding=\"async\" src=\"https:\/\/tn.com.ar\/resizer\/v2\/el-mensaje-de-thiago-medina-en-medio-de-la-interna-con-daniela-celis-nadie-va-a-impedir-que-vea-a-mis-hijas-foto-instagram-thi4gokm-XX3BWEVDPBC4NE5HW5BLGGBX5M.PNG?auth=78099a953f1b854fe6cef8ba2c25864979da48d560921a271fe02a54edcee33b&amp;width=767\" alt=\"El mensaje de Thiago Medina en medio de la interna con Daniela Celis: \u201cNadie va a impedir que vea a mis hijas\u201d (Foto: Instagram \/thi4go_km)\"\/><\/figure>\n\n\n\n<p><strong>\u201cBuen comienzo de semana para todos. Nadie me va a impedir que vea a mis hijas para los que preguntan. Los quiero a todos\u201d<\/strong>, sentenci\u00f3 en un posteo que comparti\u00f3 con su m\u00e1s de mill\u00f3n de seguidores.<\/p>\n\n\n\n<p>Su declaraci\u00f3n no pas\u00f3 inadvertida y los usuarios reaccionaron con todo tipo de comentarios: mientras algunos lo apoyaron, otros lo cuestionaron por dejar expuesta una interna familiar.<\/p>\n\n\n\n<h2 class=\"wp-block-heading\">Daniela Celis y Thiago Medina cruzaron indirectas tras su separaci\u00f3n: \u201cLa vida pone todo en su lugar\u201d<\/h2>\n\n\n\n<p>Los exparticipantes de&nbsp;<em>Gran Hermano<\/em>&nbsp;<strong>Daniela Celis<\/strong>&nbsp;y&nbsp;<strong>Thiago Medina<\/strong>&nbsp;anunciaron el fin de su noviazgo, pero hasta ahora&nbsp;<strong>manten\u00edan una excelente relaci\u00f3n&nbsp;<\/strong>para cuidar sus gemelas Laia y Aim\u00e9.<\/p>\n\n\n\n<p>Sin embargo, la influencer comparti\u00f3 el viernes en sus historias un video sentada en su cama junto a las beb\u00e9s y&nbsp;<strong>escribi\u00f3 un mensaje dirigido a otras madres.<\/strong><\/p>\n\n\n\n<p>\u201c<strong>Abrazo a todas esas mam\u00e1s solteras con hijos m\u00faltiples.&nbsp;<\/strong>Mis respetos, todo mi amor, mi admiraci\u00f3n.Y cuando pienses que est\u00e1s sola, cansada,&nbsp;<strong>respir\u00e1, que te juro que la vida pone todo en su lugar<\/strong>\u201c, reflexion\u00f3.<\/p>\n\n\n\n<figure class=\"wp-block-image\"><img decoding=\"async\" src=\"https:\/\/tn.com.ar\/resizer\/v2\/daniela-celis-posteo-un-video-que-habria-provocado-la-reaccion-de-thiago-medina-foto-instagram-danielacelis1-4OPRZCYQAZGWJE7AVCJGGP7ZDI.JPG?auth=b019ae9063bffcd9ae5644528a0803a63ef508b750eca1b27958b614bb67bec6&amp;width=767\" alt=\"Daniela Celis poste\u00f3 un video que habr\u00eda provocado la reacci\u00f3n de Thiago Medina.  (Foto: Instagram \/ danielacelis1)\"\/><\/figure>\n\n\n\n<p>Para responderle, Medina subi\u00f3 este s\u00e1bado&nbsp;<strong>un fuerte descargo<\/strong>,que parec\u00eda ir dirigido hacia su ex. \u201c<strong>Yo s\u00e9 la clase de persona que soy y s\u00e9 tambi\u00e9n que estuve desde el primer momento junto a mis hijas<\/strong>. La verdad que me dar\u00eda verg\u00fcenza andar difamando cosas que ni siquiera tienen sentido\u201d, escribi\u00f3 en sus redes sociales.<\/p>\n\n\n\n<p>\u201cHay que facturar, \u00bfno?, yo lo \u00fanico que pido es que respeten mi decisi\u00f3n y no anden hablando de los dem\u00e1s para generar un poco de vistas.&nbsp;<strong>Yo dar\u00eda mi vida por mis hijas y no hace falta dar tantas explicaciones<\/strong>, porque no quiero andar metiendo a mis hijas en un problema de adultos y eso es lo que no entiende mucha gente\u201d, sigui\u00f3.<\/p>\n\n\n\n<p>En otro p\u00e1rrafo, cerr\u00f3: &#8220;<strong>Soy un pibe de 22 a\u00f1os y tengo mucha m\u00e1s madurez que mucha gente para no andar dando nombres.&nbsp;<\/strong>Espero que los padres y madres me entiendan y las cosas no son como las cuentan, si quieren contar, que cuenten bien\u201d.<\/p>\n","protected":false},"excerpt":{"rendered":"<p>A tres meses de su separaci\u00f3n, la expareja no logra ponerse de acuerdo. Thiago Medina us\u00f3 las redes sociales para escribir un contundente mensaje en medio de su interna con\u00a0Daniela&hellip; <\/p>\n","protected":false},"author":8,"featured_media":220519,"comment_status":"closed","ping_status":"open","sticky":false,"template":"","format":"standard","meta":{"footnotes":""},"categories":[19],"tags":[],"class_list":["post-220518","post","type-post","status-publish","format-standard","has-post-thumbnail","hentry","category-espectaculos"],"_links":{"self":[{"href":"https:\/\/corrientesdetarde.com\/index.php\/wp-json\/wp\/v2\/posts\/220518","targetHints":{"allow":["GET"]}}],"collection":[{"href":"https:\/\/corrientesdetarde.com\/index.php\/wp-json\/wp\/v2\/posts"}],"about":[{"href":"https:\/\/corrientesdetarde.com\/index.php\/wp-json\/wp\/v2\/types\/post"}],"author":[{"embeddable":true,"href":"https:\/\/corrientesdetarde.com\/index.php\/wp-json\/wp\/v2\/users\/8"}],"replies":[{"embeddable":true,"href":"https:\/\/corrientesdetarde.com\/index.php\/wp-json\/wp\/v2\/comments?post=220518"}],"version-history":[{"count":1,"href":"https:\/\/corrientesdetarde.com\/index.php\/wp-json\/wp\/v2\/posts\/220518\/revisions"}],"predecessor-version":[{"id":220520,"href":"https:\/\/corrientesdetarde.com\/index.php\/wp-json\/wp\/v2\/posts\/220518\/revisions\/220520"}],"wp:featuredmedia":[{"embeddable":true,"href":"https:\/\/corrientesdetarde.com\/index.php\/wp-json\/wp\/v2\/media\/220519"}],"wp:attachment":[{"href":"https:\/\/corrientesdetarde.com\/index.php\/wp-json\/wp\/v2\/media?parent=220518"}],"wp:term":[{"taxonomy":"category","embeddable":true,"href":"https:\/\/corrientesdetarde.com\/index.php\/wp-json\/wp\/v2\/categories?post=220518"},{"taxonomy":"post_tag","embeddable":true,"href":"https:\/\/corrientesdetarde.com\/index.php\/wp-json\/wp\/v2\/tags?post=220518"}],"curies":[{"name":"wp","href":"https:\/\/api.w.org\/{rel}","templated":true}]}}