{"id":220521,"date":"2025-08-04T16:49:31","date_gmt":"2025-08-04T19:49:31","guid":{"rendered":"https:\/\/corrientesdetarde.com\/?p=220521"},"modified":"2025-08-04T16:49:43","modified_gmt":"2025-08-04T19:49:43","slug":"alpine-abrira-una-investigacion-interna-por-las-paradas-en-boxes-de-franco-colapinto-en-el-gp-de-hungria","status":"publish","type":"post","link":"https:\/\/corrientesdetarde.com\/index.php\/deportes\/alpine-abrira-una-investigacion-interna-por-las-paradas-en-boxes-de-franco-colapinto-en-el-gp-de-hungria\/","title":{"rendered":"Alpine abrir\u00e1 una investigaci\u00f3n interna por las paradas en boxes de Franco Colapinto en el GP de Hungr\u00eda"},"content":{"rendered":"\n<p>El piloto argentino tuvo detenciones demasiado largas, algo que complic\u00f3 seriamente su desempe\u00f1o en la \u00faltima carrera antes del receso de la F\u00f3rmula 1.<\/p>\n\n\n\n<p>Tras las\u00a0largas paradas en boxes\u00a0que complicaron el rendimiento de\u00a0<strong>Franco Colapinto<\/strong>\u00a0en el\u00a0<strong>Gran Premio de Hungr\u00eda<\/strong>\u00a0de la\u00a0<strong>F\u00f3rmula 1<\/strong>,\u00a0<strong>Alpine<\/strong>\u00a0decidi\u00f3<strong>\u00a0abrir una investigaci\u00f3n interna<\/strong>. El objetivo es determinar qu\u00e9 fallas ocurrieron en los procedimientos.<\/p>\n\n\n\n<p>\u201cLa investigaci\u00f3n se centra en un&nbsp;<strong>posible problema de software<\/strong>&nbsp;que habr\u00eda impedido liberar el coche una vez completado el cambio de neum\u00e1ticos\u201d, inform\u00f3 este lunes el sitio especializado&nbsp;<em>Motorsport<\/em>.<\/p>\n\n\n\n<p>Explicaron, adem\u00e1s, que el equipo tiene la sospecha de que la&nbsp;<strong>pistola neum\u00e1tica que se us\u00f3 en la rueda trasera izquierda<\/strong>&nbsp;no reconoci\u00f3 que el cambio se hab\u00eda completado. Esa ser\u00eda la falla que habr\u00eda demorado la detenci\u00f3n.<\/p>\n\n\n\n<figure class=\"wp-block-image\"><img decoding=\"async\" src=\"https:\/\/tn.com.ar\/resizer\/v2\/franco-colapinto-termino-18-en-el-gp-de-hungria-foto-efe-VWSZMVC4EBGMBGVI74CE2EQ7UA.jpg?auth=97811733b22ea416adc8ed81bebcdc09f20416fa0e16d887a6f6f611e37e3520&amp;width=767\" alt=\"Franco Colapinto termin\u00f3 18\u00b0 en el GP de Hungr\u00eda (Foto: EFE)\"\/><\/figure>\n\n\n\n<p>El gran objetivo de Alpine es&nbsp;<strong>evitar que errores como estos puedan repetirse en la vuelta a la competencia<\/strong>, que ser\u00e1 reci\u00e9n el domingo 31 de agosto en el Gran Premio de Pa\u00edses Bajos.<\/p>\n\n\n\n<h2 class=\"wp-block-heading\">GP de Hungr\u00eda: c\u00f3mo fueron las paradas de Colapinto en boxes<\/h2>\n\n\n\n<p>Franco Colapinto hab\u00eda tenido una buena clasificaci\u00f3n el s\u00e1bado, por lo que hab\u00eda largado 14\u00b0 en la carrera del domingo. Tras perder algunos puestos en la largada, hab\u00eda quedado relegado.<\/p>\n\n\n\n<p>La primera parada, en la vuelta 13, fue muy mala ya que&nbsp;<strong>Colapinto estuvo unos 11 segundos por un simple cambio de neum\u00e1ticos<\/strong>, que se habr\u00eda complicado por una situaci\u00f3n en una de sus ruedas de atr\u00e1s. Se trata de un&nbsp;<strong>procedimiento que suele demorar unos dos segundos.<\/strong><\/p>\n\n\n\n<p>Sin embargo, despu\u00e9s de esa complicaci\u00f3n, el piloto argentino pudo remontar y llegar desde el puesto 20\u00b0 al 15\u00b0.<\/p>\n\n\n\n<figure class=\"wp-block-image\"><img decoding=\"async\" src=\"https:\/\/tn.com.ar\/resizer\/v2\/franco-colapinto-habia-largado-14-en-hungria-foto-ap-WUOJ6XP3H5ACNA75ZYKBLX7SBY.jpg?auth=4b4144cd74d3d7f9baadaa43cef3bd27f3776b842ccca831a0bd1586478ce1c0&amp;width=767\" alt=\"Franco Colapinto hab\u00eda largado 14\u00b0 en Hungr\u00eda (Foto: AP)\"\/><\/figure>\n\n\n\n<p>Lo que ocurri\u00f3 en la segunda parada, en la vuelta 36, fue claramente m\u00e1s llamativo ya que,&nbsp;<strong>cuando no se deb\u00edan cometer errores, todo funcion\u00f3 mal de nuevo.&nbsp;<\/strong>Otra vez, los mec\u00e1nicos&nbsp;<strong>demoraron 7 segundos en cambiar los neum\u00e1ticos<\/strong>&nbsp;y Colapinto volvi\u00f3 a quedar en el \u00faltimo lugar.<\/p>\n\n\n\n<p>Con Pierre Gasly, que tuvo una estrategia de carrera con solo una parada, los mec\u00e1nicos se demoraron poco m\u00e1s de dos segundos.<\/p>\n\n\n\n<p>Finalmente, por una penalizaci\u00f3n que sufri\u00f3 Gasly y que lo releg\u00f3 al \u00faltimo lugar, el piloto argentino&nbsp;<strong>termin\u00f3 18\u00b0 en Hungr\u00eda.<\/strong><\/p>\n\n\n\n<p><\/p>\n","protected":false},"excerpt":{"rendered":"<p>El piloto argentino tuvo detenciones demasiado largas, algo que complic\u00f3 seriamente su desempe\u00f1o en la \u00faltima carrera antes del receso de la F\u00f3rmula 1. Tras las\u00a0largas paradas en boxes\u00a0que complicaron&hellip; <\/p>\n","protected":false},"author":8,"featured_media":220522,"comment_status":"closed","ping_status":"open","sticky":false,"template":"","format":"standard","meta":{"footnotes":""},"categories":[4],"tags":[],"class_list":["post-220521","post","type-post","status-publish","format-standard","has-post-thumbnail","hentry","category-deportes"],"_links":{"self":[{"href":"https:\/\/corrientesdetarde.com\/index.php\/wp-json\/wp\/v2\/posts\/220521","targetHints":{"allow":["GET"]}}],"collection":[{"href":"https:\/\/corrientesdetarde.com\/index.php\/wp-json\/wp\/v2\/posts"}],"about":[{"href":"https:\/\/corrientesdetarde.com\/index.php\/wp-json\/wp\/v2\/types\/post"}],"author":[{"embeddable":true,"href":"https:\/\/corrientesdetarde.com\/index.php\/wp-json\/wp\/v2\/users\/8"}],"replies":[{"embeddable":true,"href":"https:\/\/corrientesdetarde.com\/index.php\/wp-json\/wp\/v2\/comments?post=220521"}],"version-history":[{"count":1,"href":"https:\/\/corrientesdetarde.com\/index.php\/wp-json\/wp\/v2\/posts\/220521\/revisions"}],"predecessor-version":[{"id":220523,"href":"https:\/\/corrientesdetarde.com\/index.php\/wp-json\/wp\/v2\/posts\/220521\/revisions\/220523"}],"wp:featuredmedia":[{"embeddable":true,"href":"https:\/\/corrientesdetarde.com\/index.php\/wp-json\/wp\/v2\/media\/220522"}],"wp:attachment":[{"href":"https:\/\/corrientesdetarde.com\/index.php\/wp-json\/wp\/v2\/media?parent=220521"}],"wp:term":[{"taxonomy":"category","embeddable":true,"href":"https:\/\/corrientesdetarde.com\/index.php\/wp-json\/wp\/v2\/categories?post=220521"},{"taxonomy":"post_tag","embeddable":true,"href":"https:\/\/corrientesdetarde.com\/index.php\/wp-json\/wp\/v2\/tags?post=220521"}],"curies":[{"name":"wp","href":"https:\/\/api.w.org\/{rel}","templated":true}]}}