{"id":220527,"date":"2025-08-04T16:55:57","date_gmt":"2025-08-04T19:55:57","guid":{"rendered":"https:\/\/corrientesdetarde.com\/?p=220527"},"modified":"2025-08-04T16:56:01","modified_gmt":"2025-08-04T19:56:01","slug":"en-plena-campana-la-provincia-volvera-a-presentarse-ante-la-corte-para-reclamar-los-fondos-que-le-debe-nacion","status":"publish","type":"post","link":"https:\/\/corrientesdetarde.com\/index.php\/nacionales\/en-plena-campana-la-provincia-volvera-a-presentarse-ante-la-corte-para-reclamar-los-fondos-que-le-debe-nacion\/","title":{"rendered":"En plena campa\u00f1a, la Provincia volver\u00e1 a presentarse ante la Corte para reclamar los fondos que le debe Naci\u00f3n"},"content":{"rendered":"\n<p>Desde la gobernaci\u00f3n bonaerense afirman que las deudas directas ascienden a 12,1 billones de pesos. Acusaron al m\u00e1ximo tribunal de paralizar sus pedidos.<\/p>\n\n\n\n<p>El gobierno de\u00a0<strong>Axel Kicillof<\/strong>\u00a0volver\u00e1 a presentarse ante la<strong>\u00a0Corte Suprema<\/strong>\u00a0por los fondos que le debe Naci\u00f3n. La medida se concretar\u00e1 el martes, y se le pedir\u00e1 al m\u00e1ximo tribunal que se\u00a0<strong>expida\u00a0<\/strong>sobre su competencia para intervenir en el caso y fije una audiencia entre las partes. El anuncio lo hizo el ministro de gobierno bonaerense,\u00a0<strong>Carlos Bianco,<\/strong>\u00a0en conferencia de prensa. De acuerdo a un informe oficial la administraci\u00f3n de\u00a0<strong>Javier Milei<\/strong>le debe<strong>\u00a0$12,1 billones<\/strong>\u00a0a la Provincia, a junio.<\/p>\n\n\n\n<p>Desde la administraci\u00f3n bonaerense explicaron que la nueva presentaci\u00f3n ante la Corte la har\u00e1 la fiscal\u00eda de Estado provincial, seg\u00fan pudo saber\u00a0<strong>,<\/strong>\u00a0y se incorpora a la realizada en abril de 2024. El anuncio se hizo en\u00a0<strong>plena campa\u00f1a\u00a0<\/strong>por las elecciones legislativas locales del 7 de septiembre.<\/p>\n\n\n\n<p>Bianco adelant\u00f3 en conferencia de prensa en la Gobernaci\u00f3n: \u201cPrimero se le va a pedir a la\u00a0<strong>Corte Suprema<\/strong>\u00a0que se expida sobre su competencia para entender en la causa. Segundo, que fije una audiencia de partes, tal como hizo con las provincias de\u00a0<strong>C\u00f3rdoba y Santa Fe&#8221;.<\/strong><\/p>\n\n\n\n<p>El funcionario provincial, mano derecha de Kicillof, acus\u00f3 al m\u00e1ximo tribunal de paralizar los pedidos: \u201cSe produjeron movimientos<strong>&nbsp;en otras causas<\/strong>&nbsp;similares que llevaron adelante otras provincias. Pero&nbsp;<strong>no&nbsp;<\/strong>en la que present\u00f3 la provincia de Buenos Aires, en abril de 2024\u2033.<\/p>\n\n\n\n<h2 class=\"wp-block-heading\">Fuertes cr\u00edticas de Gabriel Katopodis a Naci\u00f3n: \u201cSe queda con la plata de las provincias\u201d<\/h2>\n\n\n\n<p>El Ministro de Infraestructura y Servicios P\u00fablicos bonaerense,&nbsp;<strong>Gabriel Katopodis,<\/strong>&nbsp;le hizo fuertes cr\u00edticas a la gesti\u00f3n de Milei: \u201cEl gobierno nacional se roba la plata de la provincia de Buenos Aires,&nbsp;<strong>se queda con dinero que es de las provincias<\/strong>&nbsp;y que tiene una afectaci\u00f3n espec\u00edfica en infraestructura\u201d.<\/p>\n\n\n\n<p>Katopodis, cabeza de lista de Fuerza Patria en la Primera Secci\u00f3n electoral, dijo en conferencia:&nbsp;<strong>\u201cNo sabemos d\u00f3nde est\u00e1 toda esta plata,<\/strong>&nbsp;no sabemos qu\u00e9 est\u00e1 haciendo el gobierno nacional. Parte de esa plata es la que usan para dibujar este&nbsp;<strong>super\u00e1vit trucho&nbsp;<\/strong>con el que todo el tiempo quieren hacer campa\u00f1a\u201d.<\/p>\n\n\n\n<h2 class=\"wp-block-heading\">Las claves de la deuda de Naci\u00f3n con la provincia de Buenos Aires<\/h2>\n\n\n\n<ul class=\"wp-block-list\">\n<li>De acuerdo a un informe Naci\u00f3n le debe\u00a0<strong>$12,1 billones<\/strong>\u00a0a la Provincia, en tres grandes ejes:\u00a0<strong>deudas directas, saldos de obras p\u00fablicas comprometidas y deudas estimadas por discontinuidad o retrasos en programas nacionales.<\/strong><\/li>\n\n\n\n<li>Los montos adeudados son de<strong>\u00a0$3.044.800,<\/strong>\u00a0en la primera categor\u00eda,<strong>\u00a0$6.906.928,<\/strong>\u00a0en la segunda, y\u00a0<strong>$2.165.919,<\/strong>\u00a0en la tercera, siempre expresados en\u00a0<strong>billones.<\/strong><\/li>\n\n\n\n<li>En el primer desagregado aparecen las\u00a0<strong>deudas directas,<\/strong>\u00a0que incluyen transferencias de ANSES a la Caja Provincial, compensaciones fiscales, fondos para educaci\u00f3n y salud, convenios de asistencia financiera, fondos para el cumplimiento de leyes de salud sexual y reproductiva, equipamiento m\u00e9dico, maternidad y salud perinatal, as\u00ed como otros conceptos menores.<\/li>\n\n\n\n<li>En el segundo los\u00a0<strong>saldos pendientes de obras p\u00fablicas<\/strong>\u00a0comprometidas por Naci\u00f3n en Provincia, incluidos programas de construcci\u00f3n de viviendas, como los casos de Procrear y Casa Propia + Reconstruir, obras p\u00fablicas ejecutadas directamente por la Naci\u00f3n, convenios para la realizaci\u00f3n de obras entre Naci\u00f3n, Provincia y Municipios, obras de infraestructura hospitalaria, convenios con universidades nacionales y el Fondo de Integraci\u00f3n Socio &#8211; Urbana, entre otros.<\/li>\n\n\n\n<li>El tercer apartado plantea las deudas por\u00a0<strong>discontinuidad o retrasos en la ejecuci\u00f3n de programas nacionales.<\/strong>\u00a0Entre ellas el FONID, el Fondo de Fortalecimiento Fiscal, el Fondo de Compensaci\u00f3n del Transporte P\u00fablico, el Programa Acompa\u00f1ar, la asistencia alimentaria a comedores, la provisi\u00f3n de medicamentos post-trasplante, la asistencia por emergencias clim\u00e1ticas, el Programa Remediar, el Programa Clubes a la Obra y Potenciar Trabajo, entre otras.<\/li>\n<\/ul>\n","protected":false},"excerpt":{"rendered":"<p>Desde la gobernaci\u00f3n bonaerense afirman que las deudas directas ascienden a 12,1 billones de pesos. Acusaron al m\u00e1ximo tribunal de paralizar sus pedidos. El gobierno de\u00a0Axel Kicillof\u00a0volver\u00e1 a presentarse ante&hellip; <\/p>\n","protected":false},"author":8,"featured_media":220528,"comment_status":"closed","ping_status":"open","sticky":false,"template":"","format":"standard","meta":{"footnotes":""},"categories":[10],"tags":[],"class_list":["post-220527","post","type-post","status-publish","format-standard","has-post-thumbnail","hentry","category-nacionales"],"_links":{"self":[{"href":"https:\/\/corrientesdetarde.com\/index.php\/wp-json\/wp\/v2\/posts\/220527","targetHints":{"allow":["GET"]}}],"collection":[{"href":"https:\/\/corrientesdetarde.com\/index.php\/wp-json\/wp\/v2\/posts"}],"about":[{"href":"https:\/\/corrientesdetarde.com\/index.php\/wp-json\/wp\/v2\/types\/post"}],"author":[{"embeddable":true,"href":"https:\/\/corrientesdetarde.com\/index.php\/wp-json\/wp\/v2\/users\/8"}],"replies":[{"embeddable":true,"href":"https:\/\/corrientesdetarde.com\/index.php\/wp-json\/wp\/v2\/comments?post=220527"}],"version-history":[{"count":1,"href":"https:\/\/corrientesdetarde.com\/index.php\/wp-json\/wp\/v2\/posts\/220527\/revisions"}],"predecessor-version":[{"id":220529,"href":"https:\/\/corrientesdetarde.com\/index.php\/wp-json\/wp\/v2\/posts\/220527\/revisions\/220529"}],"wp:featuredmedia":[{"embeddable":true,"href":"https:\/\/corrientesdetarde.com\/index.php\/wp-json\/wp\/v2\/media\/220528"}],"wp:attachment":[{"href":"https:\/\/corrientesdetarde.com\/index.php\/wp-json\/wp\/v2\/media?parent=220527"}],"wp:term":[{"taxonomy":"category","embeddable":true,"href":"https:\/\/corrientesdetarde.com\/index.php\/wp-json\/wp\/v2\/categories?post=220527"},{"taxonomy":"post_tag","embeddable":true,"href":"https:\/\/corrientesdetarde.com\/index.php\/wp-json\/wp\/v2\/tags?post=220527"}],"curies":[{"name":"wp","href":"https:\/\/api.w.org\/{rel}","templated":true}]}}