{"id":220530,"date":"2025-08-04T17:28:18","date_gmt":"2025-08-04T20:28:18","guid":{"rendered":"https:\/\/corrientesdetarde.com\/?p=220530"},"modified":"2025-08-04T17:28:21","modified_gmt":"2025-08-04T20:28:21","slug":"la-dpec-realizara-trabajos-de-mejoras-en-capital-y-el-interior-183","status":"publish","type":"post","link":"https:\/\/corrientesdetarde.com\/index.php\/informacion-general\/la-dpec-realizara-trabajos-de-mejoras-en-capital-y-el-interior-183\/","title":{"rendered":"La DPEC realizar\u00e1 trabajos de mejoras en Capital y el interior"},"content":{"rendered":"\n<p>La Direcci\u00f3n Provincial de Energ\u00eda de Corrientes comunica que, por ejecutar diversos trabajos de mantenimiento y cambio de postes para la mejora del servicio en Mercedes, Capital, Santa Ana, Yapey\u00fa, Mariano I. Loza y Carlos Pellegrini, se interrumpir\u00e1 el suministro de energ\u00eda el\u00e9ctrica entre los d\u00edas martes 5, mi\u00e9rcoles 6, jueves 7, viernes 8, s\u00e1bado 9, domingo 10, lunes 11, martes 12 y mi\u00e9rcoles 13 de agosto de 2025.<\/p>\n\n\n\n<p>Es por eso, que en Mercedes la Direcci\u00f3n Provincial de Energ\u00eda de Corrientes (DPEC), ejecutar\u00e1 tareas de montaje de una nueva L\u00ednea de Media Tensi\u00f3n doble terna y por tal motivo, interrumpir\u00e1 el suministro de energ\u00eda el\u00e9ctrica, el martes 5, mi\u00e9rcoles 6, jueves 7, viernes 8, s\u00e1bado 9, domingo 10, lunes 11, martes 12 y mi\u00e9rcoles 13 de agosto de 2025 de 09:00 a 17:00 hs en la zona de Ruta N\u00b0132, Copra, Molinos Libres y zonas de influencia.<\/p>\n\n\n\n<p>Adem\u00e1s, informa que, con motivo de realizar mejoras en el servicio, se ejecutar\u00e1n tareas de mantenimiento de L\u00edneas de Media Tensi\u00f3n, por lo cual se interrumpir\u00e1 el suministro de energ\u00eda el\u00e9ctrica en Capital, el martes 5 de agosto de 2025 de 08:00 a 13:00 hs, en los barrios Laguna Pueblo, Dos Lunas, B\u00fafalo y zonas de influencia.<\/p>\n\n\n\n<p>Tambi\u00e9n, en la localidad de Santa Ana, la Direcci\u00f3n Provincial de Energ\u00eda de Corrientes (DPEC), informa que, con motivo de realizar mejoras en el servicio, se ejecutar\u00e1n tareas de mantenimiento de L\u00edneas de Media Tensi\u00f3n, por lo cual se interrumpir\u00e1 el suministro de energ\u00eda el\u00e9ctrica el martes 5 de agosto de 2025 de 08:00 a 13:00 hs en las zonas de los barrios Aranduroga, Don Manuel, Los Azahares, Av\u00edcola Santa Ana, Mari\u00f1o, Colonia Mar\u00eda Esther, Lomas de Santa Ana, \u00d1and\u00e9, Leconte y zonas de influencia.<\/p>\n\n\n\n<p>Asimismo, informa que, con motivo de realizar mejoras en el servicio, se ejecutar\u00e1n tareas de cambio de postes de L\u00edneas de Baja Tensi\u00f3n, por lo cual se interrumpir\u00e1 el suministro de energ\u00eda el\u00e9ctrica en la localidad de Yapey\u00fa y acceso a Ruta N\u00b0122, el martes 5 de agosto de 2025 de 08:00 a 12:00 hs.<\/p>\n\n\n\n<p>Por \u00faltimo, informa que, con motivo de realizar mejoras en el servicio, se ejecutar\u00e1n tareas de mantenimiento de instalaciones de Media Tensi\u00f3n y por lo cual se interrumpir\u00e1 el suministro de energ\u00eda el\u00e9ctrica en la localidad de Mariano I. Loza, Carlos Pellegrini y zonas de influencia el martes 5 de agosto de 2025 de 14:00 a 17:00 hs.<\/p>\n","protected":false},"excerpt":{"rendered":"<p>La Direcci\u00f3n Provincial de Energ\u00eda de Corrientes comunica que, por ejecutar diversos trabajos de mantenimiento y cambio de postes para la mejora del servicio en Mercedes, Capital, Santa Ana, Yapey\u00fa,&hellip; <\/p>\n","protected":false},"author":8,"featured_media":220531,"comment_status":"closed","ping_status":"open","sticky":false,"template":"","format":"standard","meta":{"footnotes":""},"categories":[1],"tags":[],"class_list":["post-220530","post","type-post","status-publish","format-standard","has-post-thumbnail","hentry","category-informacion-general"],"_links":{"self":[{"href":"https:\/\/corrientesdetarde.com\/index.php\/wp-json\/wp\/v2\/posts\/220530","targetHints":{"allow":["GET"]}}],"collection":[{"href":"https:\/\/corrientesdetarde.com\/index.php\/wp-json\/wp\/v2\/posts"}],"about":[{"href":"https:\/\/corrientesdetarde.com\/index.php\/wp-json\/wp\/v2\/types\/post"}],"author":[{"embeddable":true,"href":"https:\/\/corrientesdetarde.com\/index.php\/wp-json\/wp\/v2\/users\/8"}],"replies":[{"embeddable":true,"href":"https:\/\/corrientesdetarde.com\/index.php\/wp-json\/wp\/v2\/comments?post=220530"}],"version-history":[{"count":1,"href":"https:\/\/corrientesdetarde.com\/index.php\/wp-json\/wp\/v2\/posts\/220530\/revisions"}],"predecessor-version":[{"id":220532,"href":"https:\/\/corrientesdetarde.com\/index.php\/wp-json\/wp\/v2\/posts\/220530\/revisions\/220532"}],"wp:featuredmedia":[{"embeddable":true,"href":"https:\/\/corrientesdetarde.com\/index.php\/wp-json\/wp\/v2\/media\/220531"}],"wp:attachment":[{"href":"https:\/\/corrientesdetarde.com\/index.php\/wp-json\/wp\/v2\/media?parent=220530"}],"wp:term":[{"taxonomy":"category","embeddable":true,"href":"https:\/\/corrientesdetarde.com\/index.php\/wp-json\/wp\/v2\/categories?post=220530"},{"taxonomy":"post_tag","embeddable":true,"href":"https:\/\/corrientesdetarde.com\/index.php\/wp-json\/wp\/v2\/tags?post=220530"}],"curies":[{"name":"wp","href":"https:\/\/api.w.org\/{rel}","templated":true}]}}