{"id":22058,"date":"2022-11-23T12:36:31","date_gmt":"2022-11-23T15:36:31","guid":{"rendered":"https:\/\/corrientesdetarde.com\/?p=22058"},"modified":"2022-11-23T12:36:34","modified_gmt":"2022-11-23T15:36:34","slug":"insolito-le-dieron-domiciliaria-al-narco-mas-famoso-de-corrientes-tiene-33-causas","status":"publish","type":"post","link":"https:\/\/corrientesdetarde.com\/index.php\/crimen-y-justicia\/insolito-le-dieron-domiciliaria-al-narco-mas-famoso-de-corrientes-tiene-33-causas\/","title":{"rendered":"Ins\u00f3lito: le dieron domiciliaria al narco m\u00e1s famoso de Corrientes, tiene 33 causas"},"content":{"rendered":"\n<p>&#8220;Morenita&#8221; habr\u00eda regresado a su vivienda familiar de la localidad de Itat\u00ed. Permaneci\u00f3 pr\u00f3fugo durante varios a\u00f1os.\u00a0<\/p>\n\n\n\n<p>Federico Sebasti\u00e1n Mar\u00edn, alias &#8220;Morenita&#8221;, de 34 a\u00f1os, en el a\u00f1o 2019 fue condena\u00addo a 12 a\u00f1os de c\u00e1rcel en la megacausa &#8220;Sapucay&#8221; por narcotr\u00e1fico, en el 2021 vol\u00advi\u00f3 a ser sentenciado por la Justicia Federal, esta vez por el transporte de dos carga\u00admentos de marihuana que ingresaron en canoa desde Paraguay.&nbsp;<\/p>\n\n\n\n<p>&#8220;Morenita&#8221; reci\u00e9n fue apresado en octubre de 2018 cuando una patrulla de la Gendarmer\u00eda rode\u00f3 su casa, en Itat\u00ed. El hombre estaba fuertemente armado y se entreg\u00f3 despu\u00e9s de una lar\u00adga negociaci\u00f3n.&nbsp;<\/p>\n\n\n\n<p>El l\u00edder narco de la locali\u00addad correntina de Itat\u00ed -est\u00e1 preso desde 2018- sum\u00f3 otros ocho a\u00f1os de prisi\u00f3n y por ser reincidente no pod\u00eda acceder al beneficio de la li\u00adbertad condicional. En este caso trascendi\u00f3 que la \u00fanica raz\u00f3n por la que la Justicia le haya otorgado el beneficio, es un problema de salud que no le permite seguir deteni\u00addo en una prisi\u00f3n com\u00fan.&nbsp;<\/p>\n\n\n\n<p>Parte de la defensa que in\u00adterviene en el juicio por co\u00adhecho en el Juzgado Federal 1 de Corrientes dio a cono\u00adcer, en las \u00faltimas horas, que el implicado en esta causa retorn\u00f3 a Corrien\u00adtes luego de permanecer detenido en unidades pe\u00adnales de Buenos Aires.&nbsp;<\/p>\n\n\n\n<p>El hombre obtuvo la prisi\u00f3n domiciliaria pese a cumplir condenas por nar\u00adcotr\u00e1fico agravado, e incluso con el debate abierto en el juicio en el que est\u00e1 impu\u00adtado como participante de presuntas maniobras de co\u00adhecho en el Juzgado Federal 1 de Corrientes.&nbsp;<\/p>\n\n\n\n<p>Adem\u00e1s del Tribunal Fe\u00adderal de Corrientes, donde se sustancia el proceso por supuestas coimas, Mar\u00edn est\u00e1 a disposici\u00f3n del Tribu\u00adnal Oral Federal 3 de Buenos Aires, as\u00ed como de un juzga\u00addo federal de Mor\u00f3n, pro\u00advincia de Buenos Aires.&nbsp;<\/p>\n\n\n\n<p>En este \u00faltimo estrado el narcotraficante tramit\u00f3 un habeas corpus que lleg\u00f3 a la C\u00e1mara Federal de San Mar\u00adt\u00edn el 27 de octubre \u00faltimo, cuando se orden\u00f3 que sea escuchado por el juez de pri\u00admera instancia debido a las condiciones de detenci\u00f3n en una unidad carcelaria &#8220;deplorable&#8221;.<\/p>\n","protected":false},"excerpt":{"rendered":"<p>&#8220;Morenita&#8221; habr\u00eda regresado a su vivienda familiar de la localidad de Itat\u00ed. Permaneci\u00f3 pr\u00f3fugo durante varios a\u00f1os.\u00a0 Federico Sebasti\u00e1n Mar\u00edn, alias &#8220;Morenita&#8221;, de 34 a\u00f1os, en el a\u00f1o 2019 fue&hellip; <\/p>\n","protected":false},"author":4,"featured_media":22059,"comment_status":"closed","ping_status":"open","sticky":false,"template":"","format":"standard","meta":{"footnotes":""},"categories":[5],"tags":[],"class_list":["post-22058","post","type-post","status-publish","format-standard","has-post-thumbnail","hentry","category-crimen-y-justicia"],"_links":{"self":[{"href":"https:\/\/corrientesdetarde.com\/index.php\/wp-json\/wp\/v2\/posts\/22058","targetHints":{"allow":["GET"]}}],"collection":[{"href":"https:\/\/corrientesdetarde.com\/index.php\/wp-json\/wp\/v2\/posts"}],"about":[{"href":"https:\/\/corrientesdetarde.com\/index.php\/wp-json\/wp\/v2\/types\/post"}],"author":[{"embeddable":true,"href":"https:\/\/corrientesdetarde.com\/index.php\/wp-json\/wp\/v2\/users\/4"}],"replies":[{"embeddable":true,"href":"https:\/\/corrientesdetarde.com\/index.php\/wp-json\/wp\/v2\/comments?post=22058"}],"version-history":[{"count":1,"href":"https:\/\/corrientesdetarde.com\/index.php\/wp-json\/wp\/v2\/posts\/22058\/revisions"}],"predecessor-version":[{"id":22060,"href":"https:\/\/corrientesdetarde.com\/index.php\/wp-json\/wp\/v2\/posts\/22058\/revisions\/22060"}],"wp:featuredmedia":[{"embeddable":true,"href":"https:\/\/corrientesdetarde.com\/index.php\/wp-json\/wp\/v2\/media\/22059"}],"wp:attachment":[{"href":"https:\/\/corrientesdetarde.com\/index.php\/wp-json\/wp\/v2\/media?parent=22058"}],"wp:term":[{"taxonomy":"category","embeddable":true,"href":"https:\/\/corrientesdetarde.com\/index.php\/wp-json\/wp\/v2\/categories?post=22058"},{"taxonomy":"post_tag","embeddable":true,"href":"https:\/\/corrientesdetarde.com\/index.php\/wp-json\/wp\/v2\/tags?post=22058"}],"curies":[{"name":"wp","href":"https:\/\/api.w.org\/{rel}","templated":true}]}}