{"id":220581,"date":"2025-08-05T01:28:26","date_gmt":"2025-08-05T04:28:26","guid":{"rendered":"https:\/\/corrientesdetarde.com\/?p=220581"},"modified":"2025-08-05T01:28:28","modified_gmt":"2025-08-05T04:28:28","slug":"la-49-fiesta-nacional-del-surubi-ya-tiene-fecha-para-el-2026","status":"publish","type":"post","link":"https:\/\/corrientesdetarde.com\/index.php\/actualidad\/la-49-fiesta-nacional-del-surubi-ya-tiene-fecha-para-el-2026\/","title":{"rendered":"La 49\u00b0 Fiesta Nacional del Surub\u00ed ya tiene fecha para el 2026"},"content":{"rendered":"\n<p>A trav\u00e9s de sus redes sociales, el Intendente de Goya, Mariano Hormaechea, confirm\u00f3 la fecha de la 49\u00b0 Fiesta Nacional del Surub\u00ed. Ser\u00e1 del 27 de abril al 3 de mayo de 2026. &#8220;Nos preparamos con todo para vivir nuestra fiesta mayor&#8221;, escribi\u00f3 el jefe comunal de la segunda ciudad de la Provincia.<\/p>\n\n\n\n<blockquote class=\"twitter-tweet\"><p lang=\"es\" dir=\"ltr\">\u00a1Atenci\u00f3n, <a href=\"https:\/\/twitter.com\/hashtag\/Goya?src=hash&amp;ref_src=twsrc%5Etfw\">#Goya<\/a>!<br>La 49\u00b0 Fiesta Nacional del Surub\u00ed ya tiene fecha: del 27 de abril al 3 de mayo de 2026. <br>\u00a1Nos preparamos con todo para vivir nuestra fiesta mayor! \ud83c\udfa3<a href=\"https:\/\/twitter.com\/hashtag\/CapitalDeLaAmistad?src=hash&amp;ref_src=twsrc%5Etfw\">#CapitalDeLaAmistad<\/a><a href=\"https:\/\/twitter.com\/hashtag\/GoyaHaciaAdelante?src=hash&amp;ref_src=twsrc%5Etfw\">#GoyaHaciaAdelante<\/a> <a href=\"https:\/\/t.co\/Kxb5Wkz4f9\">pic.twitter.com\/Kxb5Wkz4f9<\/a><\/p>&mdash; Mariano Hormaechea (@marianohormaech) <a href=\"https:\/\/twitter.com\/marianohormaech\/status\/1952398007397498895?ref_src=twsrc%5Etfw\">August 4, 2025<\/a><\/blockquote> <script async src=\"https:\/\/platform.twitter.com\/widgets.js\" charset=\"utf-8\"><\/script>\n","protected":false},"excerpt":{"rendered":"<p>A trav\u00e9s de sus redes sociales, el Intendente de Goya, Mariano Hormaechea, confirm\u00f3 la fecha de la 49\u00b0 Fiesta Nacional del Surub\u00ed. Ser\u00e1 del 27 de abril al 3 de&hellip; <\/p>\n","protected":false},"author":4,"featured_media":220583,"comment_status":"closed","ping_status":"open","sticky":false,"template":"","format":"standard","meta":{"footnotes":""},"categories":[23],"tags":[],"class_list":["post-220581","post","type-post","status-publish","format-standard","has-post-thumbnail","hentry","category-actualidad"],"_links":{"self":[{"href":"https:\/\/corrientesdetarde.com\/index.php\/wp-json\/wp\/v2\/posts\/220581","targetHints":{"allow":["GET"]}}],"collection":[{"href":"https:\/\/corrientesdetarde.com\/index.php\/wp-json\/wp\/v2\/posts"}],"about":[{"href":"https:\/\/corrientesdetarde.com\/index.php\/wp-json\/wp\/v2\/types\/post"}],"author":[{"embeddable":true,"href":"https:\/\/corrientesdetarde.com\/index.php\/wp-json\/wp\/v2\/users\/4"}],"replies":[{"embeddable":true,"href":"https:\/\/corrientesdetarde.com\/index.php\/wp-json\/wp\/v2\/comments?post=220581"}],"version-history":[{"count":1,"href":"https:\/\/corrientesdetarde.com\/index.php\/wp-json\/wp\/v2\/posts\/220581\/revisions"}],"predecessor-version":[{"id":220584,"href":"https:\/\/corrientesdetarde.com\/index.php\/wp-json\/wp\/v2\/posts\/220581\/revisions\/220584"}],"wp:featuredmedia":[{"embeddable":true,"href":"https:\/\/corrientesdetarde.com\/index.php\/wp-json\/wp\/v2\/media\/220583"}],"wp:attachment":[{"href":"https:\/\/corrientesdetarde.com\/index.php\/wp-json\/wp\/v2\/media?parent=220581"}],"wp:term":[{"taxonomy":"category","embeddable":true,"href":"https:\/\/corrientesdetarde.com\/index.php\/wp-json\/wp\/v2\/categories?post=220581"},{"taxonomy":"post_tag","embeddable":true,"href":"https:\/\/corrientesdetarde.com\/index.php\/wp-json\/wp\/v2\/tags?post=220581"}],"curies":[{"name":"wp","href":"https:\/\/api.w.org\/{rel}","templated":true}]}}