{"id":220589,"date":"2025-08-05T09:09:52","date_gmt":"2025-08-05T12:09:52","guid":{"rendered":"https:\/\/corrientesdetarde.com\/?p=220589"},"modified":"2025-08-05T09:10:04","modified_gmt":"2025-08-05T12:10:04","slug":"plus-unificado-valdes-confirmo-cronograma-de-pago-de-agosto","status":"publish","type":"post","link":"https:\/\/corrientesdetarde.com\/index.php\/locales\/plus-unificado-valdes-confirmo-cronograma-de-pago-de-agosto\/","title":{"rendered":"Plus Unificado: Vald\u00e9s confirm\u00f3 cronograma de pago de agosto"},"content":{"rendered":"\n<p><em>El gobernador Gustavo Vald\u00e9s dio a conocer los d\u00edas de liquidaci\u00f3n del Adicional Remunerativo Mensual de este mes. Se paga desde este jueves 7, hasta el mi\u00e9rcoles 13. Alcanza a los agentes de la administraci\u00f3n p\u00fablica provincial, activos, jubilados y pensionados.<\/em><\/p>\n\n\n\n<p>A trav\u00e9s de sus redes sociales, @gustavovaldesok, el primer mandatario de Corrientes Gustavo Vald\u00e9s inform\u00f3 el cronograma de pago del Adicional Remunerativo Mensual (Plus Unificado) de $110.000, correspondiente a este mes de agosto. La liquidaci\u00f3n del beneficio salarial comienza este jueves 7 y se extiende hasta el mi\u00e9rcoles 13.<\/p>\n\n\n\n<p>Importa se\u00f1alar que el Plus Unificado es un componente m\u00e1s del Ingreso Salarial Mensual que perciben los agentes de la administraci\u00f3n p\u00fablica provincial; es remunerativo.<\/p>\n\n\n\n<p>El primer tramo comienza a pagarse este jueves 7, jornada que percibir\u00e1n los agentes de la administraci\u00f3n p\u00fablica provincial, activos, jubilados y pensionados, con Documento Nacional de Identidad terminados en 0 y 1.<\/p>\n\n\n\n<p>El cronograma contin\u00faa este viernes 8, con el pago a los agentes con documentos terminados en 2 y 3. El lunes 11, ser\u00e1 el turno para aquellos con DNI finalizados en 4 y 5; este tramo estar\u00e1 disponible a trav\u00e9s de los cajeros autom\u00e1ticos habilitados por el Banco de Corrientes SA y del homebanking de cada agente, desde el s\u00e1bado 9.<\/p>\n\n\n\n<p>El martes 12 se pagar\u00e1 a los agentes con DNI terminados en 6 y 7; y el cronograma termina el mi\u00e9rcoles 13, jornada que percibir\u00e1n aquellos con 8 y 9.<\/p>\n\n\n\n<p><strong>M\u00e1s de $9 mil millones<\/strong><\/p>\n\n\n\n<p>En concepto de pago del Adicional Remunerativo Mensual (Plus Unificado) el Gobierno de Corrientes invierte m\u00e1s de $9.335.000.<\/p>\n","protected":false},"excerpt":{"rendered":"<p>El gobernador Gustavo Vald\u00e9s dio a conocer los d\u00edas de liquidaci\u00f3n del Adicional Remunerativo Mensual de este mes. Se paga desde este jueves 7, hasta el mi\u00e9rcoles 13. Alcanza a&hellip; <\/p>\n","protected":false},"author":1,"featured_media":180339,"comment_status":"closed","ping_status":"open","sticky":false,"template":"","format":"standard","meta":{"footnotes":""},"categories":[8],"tags":[],"class_list":["post-220589","post","type-post","status-publish","format-standard","has-post-thumbnail","hentry","category-locales"],"_links":{"self":[{"href":"https:\/\/corrientesdetarde.com\/index.php\/wp-json\/wp\/v2\/posts\/220589","targetHints":{"allow":["GET"]}}],"collection":[{"href":"https:\/\/corrientesdetarde.com\/index.php\/wp-json\/wp\/v2\/posts"}],"about":[{"href":"https:\/\/corrientesdetarde.com\/index.php\/wp-json\/wp\/v2\/types\/post"}],"author":[{"embeddable":true,"href":"https:\/\/corrientesdetarde.com\/index.php\/wp-json\/wp\/v2\/users\/1"}],"replies":[{"embeddable":true,"href":"https:\/\/corrientesdetarde.com\/index.php\/wp-json\/wp\/v2\/comments?post=220589"}],"version-history":[{"count":1,"href":"https:\/\/corrientesdetarde.com\/index.php\/wp-json\/wp\/v2\/posts\/220589\/revisions"}],"predecessor-version":[{"id":220590,"href":"https:\/\/corrientesdetarde.com\/index.php\/wp-json\/wp\/v2\/posts\/220589\/revisions\/220590"}],"wp:featuredmedia":[{"embeddable":true,"href":"https:\/\/corrientesdetarde.com\/index.php\/wp-json\/wp\/v2\/media\/180339"}],"wp:attachment":[{"href":"https:\/\/corrientesdetarde.com\/index.php\/wp-json\/wp\/v2\/media?parent=220589"}],"wp:term":[{"taxonomy":"category","embeddable":true,"href":"https:\/\/corrientesdetarde.com\/index.php\/wp-json\/wp\/v2\/categories?post=220589"},{"taxonomy":"post_tag","embeddable":true,"href":"https:\/\/corrientesdetarde.com\/index.php\/wp-json\/wp\/v2\/tags?post=220589"}],"curies":[{"name":"wp","href":"https:\/\/api.w.org\/{rel}","templated":true}]}}