{"id":220604,"date":"2025-08-05T09:24:33","date_gmt":"2025-08-05T12:24:33","guid":{"rendered":"https:\/\/corrientesdetarde.com\/?p=220604"},"modified":"2025-08-05T09:25:03","modified_gmt":"2025-08-05T12:25:03","slug":"en-julio-aumentaron-las-muertes-por-siniestros-viales","status":"publish","type":"post","link":"https:\/\/corrientesdetarde.com\/index.php\/sociales\/en-julio-aumentaron-las-muertes-por-siniestros-viales\/","title":{"rendered":"En julio aumentaron las muertes por siniestros viales"},"content":{"rendered":"\n<p>La provincia de Corrientes ha encendido las alarmas por un preocupante repunte de las muertes por siniestros viales: julio, finalizado d\u00edas atr\u00e1s, se ha convertido en el segundo con mayor cantidad de fatalidades en lo que va del a\u00f1o, rozando las cifras de enero y registrando un alarmante aumento del 40% respecto al mes anterior, de acuerdo a datos estad\u00edsticos consultados, elaborados desde 2015 de forma sistem\u00e1tica.<\/p>\n\n\n\n<p><\/p>\n\n\n\n<p>En tanto, agosto ya registr\u00f3 su primer caso. Uno de los principales rasgos particulares es que el crecimiento de los casos no tuvo origen en las motocicletas, que al contrario bajaron en su incidencia (al menos en lo que hace al tipo de v\u00edctima), sino de un significativo protagonismo de peatones, lo que pone en alerta sobre el grado de riesgo de andar a pie por zonas de tr\u00e1nsito vehicular. Por otro lado la Ruta Nacional 14 se mostr\u00f3 gravitante al posicionar a Santo Tom\u00e9 como la jurisdicci\u00f3n con m\u00e1s casos acumulados en el mes, incluso por encima de la ciudad de Corrientes y Goya.<\/p>\n\n\n\n<p>&nbsp;Este pico no s\u00f3lo subraya la persistencia de un problema grave en las rutas correntinas, sino que tambi\u00e9n revela cambios significativos en los actores y escenarios de estas tragedias, poniendo en evidencia la urgencia de medidas preventivas focalizadas.<\/p>\n\n\n\n<p>&nbsp;El an\u00e1lisis de las estad\u00edsticas en lo que va de 2025 muestra una tendencia fluctuante, pero con un claro punto de inflexi\u00f3n en julio. Si bien enero se mantiene como el mes con el n\u00famero m\u00e1s alto de muertes viales, con 15 casos, julio lo sigue de cerca con 14 fatalidades. Esta cifra representa un salto considerable en comparaci\u00f3n con los meses intermedios del a\u00f1o, como febrero, marzo y junio, que registraron 10 muertes cada uno, o abril y mayo, con 13 y 12 casos, respectivamente.<\/p>\n\n\n\n<p>&nbsp;El incremento de v\u00edctimas en julio adquiere una dimensi\u00f3n a\u00fan m\u00e1s preocupante al compararlo directamente con junio, cuando se registraron 10 muertes viales. En julio, esta cifra se dispar\u00f3 a 14, lo que se traduce en un crecimiento porcentual del 40% en un solo mes. Este abrupto salto no es un dato menor; es un indicador cr\u00edtico que demanda una atenci\u00f3n de parte de las autoridades estatales en todos sus niveles de gesti\u00f3n.<\/p>\n\n\n\n<p>&nbsp;La identificaci\u00f3n de los tipos de veh\u00edculos m\u00e1s involucrados en los siniestros fatales es una herramienta clave para la prevenci\u00f3n. El an\u00e1lisis de julio, comparado con el primer semestre del a\u00f1o, revela tendencias que exigen una mirada detallada. En julio de 2025, la distribuci\u00f3n de veh\u00edculos involucrados en muertes viales mostr\u00f3 que las motocicletas siguen siendo un factor predominante, representando m\u00e1s de una cuarta parte de los casos. Sin embargo, su proporci\u00f3n ha disminuido en comparaci\u00f3n con el primer semestre, donde constitu\u00edan m\u00e1s de la mitad de las fatalidades. Esto podr\u00eda sugerir una ligera mejora en la seguridad de los motociclistas, o un aumento en la participaci\u00f3n de otros tipos de veh\u00edculos en los accidentes fatales de este mes.<\/p>\n\n\n\n<p>&nbsp;Por otro lado, seg\u00fan publica la web Norte, la proporci\u00f3n de autom\u00f3viles involucrados se mantiene relativamente estable entre julio y el primer semestre, lo que indica que son un factor consistente en los siniestros viales. La participaci\u00f3n de peatones en los siniestros fatales ha aumentado significativamente en julio en comparaci\u00f3n con el primer semestre. Este incremento es alarmante y subraya la vulnerabilidad de quienes transitan a pie. En julio de 2025, la distribuci\u00f3n geogr\u00e1fica de las muertes viales fue dispersa, pero con un actor principal: Santo Tom\u00e9 encabez\u00f3 la lista de localidades con mayor incidencia de muertes viales, con un 14.29% de los casos.<\/p>\n\n\n\n<p>&nbsp;El preocupante pico de muertes viales en julio de 2025 en Corrientes no puede ser ignorado. El aumento del 40% respecto a junio, la persistencia de las motocicletas como factor de riesgo y el alarmante incremento de peatones y utilitarios involucrados en accidentes fatales, sumados a la concentraci\u00f3n de casos en localidades como Santo Tom\u00e9, exigen una respuesta inmediata y coordinada por parte de las autoridades dado que es una zona particularmente cr\u00edtica debido al crecimiento de la zona urbana as\u00ed como a la presencia de la Ruta Nacional 14 en donde se concentra buena parte de los casos, debido tanto al estado de la carretera como la conducta temeraria de una parte de las personas que conducen todo tipo de veh\u00edculo motorizado ya que se han registrado muertos que transitaban en autos, motos.<\/p>\n","protected":false},"excerpt":{"rendered":"<p>La provincia de Corrientes ha encendido las alarmas por un preocupante repunte de las muertes por siniestros viales: julio, finalizado d\u00edas atr\u00e1s, se ha convertido en el segundo con mayor&hellip; <\/p>\n","protected":false},"author":1,"featured_media":220610,"comment_status":"closed","ping_status":"open","sticky":false,"template":"","format":"standard","meta":{"footnotes":""},"categories":[17],"tags":[],"class_list":["post-220604","post","type-post","status-publish","format-standard","has-post-thumbnail","hentry","category-sociales"],"_links":{"self":[{"href":"https:\/\/corrientesdetarde.com\/index.php\/wp-json\/wp\/v2\/posts\/220604","targetHints":{"allow":["GET"]}}],"collection":[{"href":"https:\/\/corrientesdetarde.com\/index.php\/wp-json\/wp\/v2\/posts"}],"about":[{"href":"https:\/\/corrientesdetarde.com\/index.php\/wp-json\/wp\/v2\/types\/post"}],"author":[{"embeddable":true,"href":"https:\/\/corrientesdetarde.com\/index.php\/wp-json\/wp\/v2\/users\/1"}],"replies":[{"embeddable":true,"href":"https:\/\/corrientesdetarde.com\/index.php\/wp-json\/wp\/v2\/comments?post=220604"}],"version-history":[{"count":1,"href":"https:\/\/corrientesdetarde.com\/index.php\/wp-json\/wp\/v2\/posts\/220604\/revisions"}],"predecessor-version":[{"id":220613,"href":"https:\/\/corrientesdetarde.com\/index.php\/wp-json\/wp\/v2\/posts\/220604\/revisions\/220613"}],"wp:featuredmedia":[{"embeddable":true,"href":"https:\/\/corrientesdetarde.com\/index.php\/wp-json\/wp\/v2\/media\/220610"}],"wp:attachment":[{"href":"https:\/\/corrientesdetarde.com\/index.php\/wp-json\/wp\/v2\/media?parent=220604"}],"wp:term":[{"taxonomy":"category","embeddable":true,"href":"https:\/\/corrientesdetarde.com\/index.php\/wp-json\/wp\/v2\/categories?post=220604"},{"taxonomy":"post_tag","embeddable":true,"href":"https:\/\/corrientesdetarde.com\/index.php\/wp-json\/wp\/v2\/tags?post=220604"}],"curies":[{"name":"wp","href":"https:\/\/api.w.org\/{rel}","templated":true}]}}