{"id":220626,"date":"2025-08-05T10:53:06","date_gmt":"2025-08-05T13:53:06","guid":{"rendered":"https:\/\/corrientesdetarde.com\/?p=220626"},"modified":"2025-08-05T10:53:08","modified_gmt":"2025-08-05T13:53:08","slug":"el-conicet-encontro-a-gary-un-caracol-a-3600-metros-de-profundidad-del-mar-argentino","status":"publish","type":"post","link":"https:\/\/corrientesdetarde.com\/index.php\/tecnologia\/el-conicet-encontro-a-gary-un-caracol-a-3600-metros-de-profundidad-del-mar-argentino\/","title":{"rendered":"El Conicet encontr\u00f3 a &#8220;Gary&#8221;, un caracol a 3600 metros de profundidad del mar argentino"},"content":{"rendered":"\n<p>Un caracol marino filmado por el robot del Conicet a<strong>\u00a03665 metros de profundidad en el Ca\u00f1\u00f3n de Mar del Plata\u00a0<\/strong>desat\u00f3 una ola de comentarios y bromas en redes sociales.<\/p>\n\n\n\n<p><\/p>\n\n\n\n<p>El episodio ocurri\u00f3 durante la transmisi\u00f3n en vivo de la expedici\u00f3n y&nbsp;<strong>fue r\u00e1pidamente vinculado con \u201cGary\u201d<\/strong>, el famoso personaje de la serie animada Bob Esponja.<\/p>\n\n\n\n<p>El nuevo episodio viral se dio en el marco de la<strong>&nbsp;exploraci\u00f3n que realiza el Veh\u00edculo Operado Remotamente&nbsp;<\/strong>(ROV, por sus siglas en ingl\u00e9s) a cargo del&nbsp;<strong>Conicet&nbsp;<\/strong>en el fondo del mar argentino, donde ya se hab\u00edan generado reacciones similares por la aparici\u00f3n de una estrella de mar apodada \u201cculona\u201d, en referencia al personaje \u201cPatricio Estrella\u201d.<\/p>\n\n\n\n<p>En esta oportunidad, el foco de atenci\u00f3n fue un caracol marino que apareci\u00f3 en pantalla mientras el equipo cient\u00edfico avanzaba en la exploraci\u00f3n a m\u00e1s de&nbsp;<strong>3600 metros de profundidad.<\/strong>&nbsp;De inmediato, los usuarios de redes sociales activaron el cruce entre ciencia y cultura popular: \u201c<strong>\u00a1Han encontrado a Gary!!!!&#8230; qu\u00e9 genialidad esto!\u201d, public\u00f3 en X el usuario @alfranchuni.<\/strong><\/p>\n\n\n\n<p>Otro usuario, @Nunuim2, brome\u00f3: \u201cGary, \u00bfqu\u00e9 te han hecho? Tr\u00e1tenlo bien Conicet\u201d, mientras que @Delamanodemama2 sintetiz\u00f3 el fen\u00f3meno con iron\u00eda:<strong>&nbsp;\u201cEncontraron a Calamardo, Patricio y ahora a Gary&#8230;\u201d.<\/strong><\/p>\n\n\n\n<h2 class=\"wp-block-heading\">Una transmisi\u00f3n que genera entusiasmo por la ciencia<\/h2>\n\n\n\n<p>El fen\u00f3meno viral no es casual: la transmisi\u00f3n en vivo del Conicet&nbsp;<strong>se ha consolidado como una experiencia de divulgaci\u00f3n que despierta entusiasmo en miles de espectadores,<\/strong>&nbsp;que siguen con atenci\u00f3n las im\u00e1genes in\u00e9ditas del fondo marino y aportan un tono l\u00fadico con sus comentarios en tiempo real.<\/p>\n\n\n\n<p>El caracol marino, identificado preliminarmente por los investigadores como un gaster\u00f3podo t\u00edpico de zonas abisales, se convirti\u00f3 en tendencia gracias al ingenio colectivo de los usuarios que, una vez m\u00e1s, fusionaron ciencia, humor y televisi\u00f3n infantil.<\/p>\n\n\n\n<p>La expedici\u00f3n del Conicet en el Ca\u00f1\u00f3n de Mar del Plata forma parte de un programa de investigaci\u00f3n cient\u00edfica que busca relevar la biodiversidad de aguas profundas del Atl\u00e1ntico Sur, un territorio pr\u00e1cticamente inexplorado.<\/p>\n","protected":false},"excerpt":{"rendered":"<p>Un caracol marino filmado por el robot del Conicet a\u00a03665 metros de profundidad en el Ca\u00f1\u00f3n de Mar del Plata\u00a0desat\u00f3 una ola de comentarios y bromas en redes sociales. El&hellip; <\/p>\n","protected":false},"author":1,"featured_media":220634,"comment_status":"closed","ping_status":"open","sticky":false,"template":"","format":"standard","meta":{"footnotes":""},"categories":[24],"tags":[],"class_list":["post-220626","post","type-post","status-publish","format-standard","has-post-thumbnail","hentry","category-tecnologia"],"_links":{"self":[{"href":"https:\/\/corrientesdetarde.com\/index.php\/wp-json\/wp\/v2\/posts\/220626","targetHints":{"allow":["GET"]}}],"collection":[{"href":"https:\/\/corrientesdetarde.com\/index.php\/wp-json\/wp\/v2\/posts"}],"about":[{"href":"https:\/\/corrientesdetarde.com\/index.php\/wp-json\/wp\/v2\/types\/post"}],"author":[{"embeddable":true,"href":"https:\/\/corrientesdetarde.com\/index.php\/wp-json\/wp\/v2\/users\/1"}],"replies":[{"embeddable":true,"href":"https:\/\/corrientesdetarde.com\/index.php\/wp-json\/wp\/v2\/comments?post=220626"}],"version-history":[{"count":1,"href":"https:\/\/corrientesdetarde.com\/index.php\/wp-json\/wp\/v2\/posts\/220626\/revisions"}],"predecessor-version":[{"id":220635,"href":"https:\/\/corrientesdetarde.com\/index.php\/wp-json\/wp\/v2\/posts\/220626\/revisions\/220635"}],"wp:featuredmedia":[{"embeddable":true,"href":"https:\/\/corrientesdetarde.com\/index.php\/wp-json\/wp\/v2\/media\/220634"}],"wp:attachment":[{"href":"https:\/\/corrientesdetarde.com\/index.php\/wp-json\/wp\/v2\/media?parent=220626"}],"wp:term":[{"taxonomy":"category","embeddable":true,"href":"https:\/\/corrientesdetarde.com\/index.php\/wp-json\/wp\/v2\/categories?post=220626"},{"taxonomy":"post_tag","embeddable":true,"href":"https:\/\/corrientesdetarde.com\/index.php\/wp-json\/wp\/v2\/tags?post=220626"}],"curies":[{"name":"wp","href":"https:\/\/api.w.org\/{rel}","templated":true}]}}