{"id":220629,"date":"2025-08-05T11:09:41","date_gmt":"2025-08-05T14:09:41","guid":{"rendered":"https:\/\/corrientesdetarde.com\/?p=220629"},"modified":"2025-08-05T11:09:53","modified_gmt":"2025-08-05T14:09:53","slug":"los-de-imaguare-celebran-48-anos-de-trayectoria-en-resistencia","status":"publish","type":"post","link":"https:\/\/corrientesdetarde.com\/index.php\/espectaculos\/los-de-imaguare-celebran-48-anos-de-trayectoria-en-resistencia\/","title":{"rendered":"Los de Imaguar\u00e9 celebran 48 a\u00f1os de trayectoria en Resistencia"},"content":{"rendered":"\n<p>El grupo \u00edcono del chamam\u00e9 se presentar\u00e1 el domingo 17 de agosto desde las 19 horas en el Domo del Centenario (Resistencia). Las entradas se pueden adquirir a trav\u00e9s de&nbsp;<a href=\"http:\/\/butacauno.com.ar\/\" target=\"_blank\" rel=\"noreferrer noopener\">butacauno.com.ar<\/a><\/p>\n\n\n\n<p>Los de Imaguar\u00e9 nacieron art\u00edsticamente el 5 de julio de 1977 en la ciudad de Mercedes, Corrientes, en un contexto de gran efervescencia pol\u00edtica e intelectual en Argentina. Julio C\u00e1ceres, Joaqu\u00edn Sheridan y el Padre Juli\u00e1n Zini eligieron este nombre como un s\u00edmbolo de su b\u00fasqueda por capturar la esencia del chamam\u00e9.<\/p>\n\n\n\n<p>El nombre del grupo proviene del guaran\u00ed &#8220;Ymaguare&#8221;, que significa &#8220;de antes&#8221;, haciendo alusi\u00f3n a la memoria y a la preservaci\u00f3n de los valores ancestrales. Desde sus inicios, la labor de Los de Imaguar\u00e9 se fundamenta en la obra po\u00e9tica del Padre Juli\u00e1n Zini. Con el tiempo, incorporaron las composiciones de diversos poetas de la regi\u00f3n y la provincia, como Ram\u00f3n Ayala, Linares Cardozo, Jos\u00e9 Pedroni, Roberto Romani, Franklin R\u00faveda, Osvaldo Sosa Cordero y Rom\u00e1n Vallejos, entre otros.<\/p>\n\n\n\n<p>Durante 2023 y parte de 2024, Los de Imaguar\u00e9 estuvieron abocados a la grabaci\u00f3n del \u00faltimo material discogr\u00e1fico \u201cViva el Chamam\u00e9\u201d, que con nuevas versiones de temas que forman parte del coraz\u00f3n de la gente remite a la historia de Los de Imaguar\u00e9. Las presentaciones en vivo en teatros incluyeron un recorrido por Posadas, Capital Federal, Santa Fe, Paran\u00e1, Corrientes y dos funciones agotadas en Resistencia, adem\u00e1s de los distintos Festivales y shows en los que se presenta el grupo en la regi\u00f3n. El disco \u201cViva el Chamam\u00e9\u201d, que re\u00fane 12 canciones, recorre la historia de Los de Imaguar\u00e9, manteniendo el ritmo y la esencia de la naci\u00f3n chamamecera, un estilo que trasciende fronteras.<\/p>\n\n\n\n<p>En 2025, luego de grandes presentaciones en los festivales y escenarios m\u00e1s importantes de la regi\u00f3n, inici\u00f3 una gira de invierno que llevar\u00e1 al grupo a recorrer localidades de Formosa, Misiones, Chaco, Corrientes, Entre R\u00edos, Santa Fe y Buenos Aires.<\/p>\n\n\n\n<p>Los de Imaguar\u00e9 celebra 48 a\u00f1os de trayectoria con su gira de conciertos 2025, y el&nbsp;<strong>Domingo 17 de Agosto desde las 19 horas<\/strong>&nbsp;invita a vivir una noche a puro chamam\u00e9 para festejar el Aniversario de CANAL 9, insignia de los medios de comunicaci\u00f3n de la regi\u00f3n. Con una propuesta que incluye todos los cl\u00e1sicos y las nuevas canciones que componen su extenso repertorio, en un clima de festividad absoluta, el conjunto liderado por Julio C\u00e1ceres promete&nbsp; una noche llena de m\u00fasica, danza y sorpresas, adem\u00e1s de artistas invitados como&nbsp;<em>40 grados<\/em>.<\/p>\n\n\n\n<p>+info:<\/p>\n\n\n\n<p>@mambo.produce<\/p>\n\n\n\n<p>Entradas:<\/p>\n\n\n\n<p><a href=\"https:\/\/butacauno.com.ar\/funciones\/detalle\/10278\">https:\/\/butacauno.com.ar\/funciones\/detalle\/10278<\/a><\/p>\n\n\n\n<p><\/p>\n\n\n<div class=\"wp-block-image\">\n<figure class=\"aligncenter size-full\"><img decoding=\"async\" src=\"https:\/\/corrientesdetarde.com\/wp-content\/uploads\/2025\/08\/image-124.png\" alt=\"\" class=\"wp-image-220637\"\/><\/figure>\n<\/div>","protected":false},"excerpt":{"rendered":"<p>El grupo \u00edcono del chamam\u00e9 se presentar\u00e1 el domingo 17 de agosto desde las 19 horas en el Domo del Centenario (Resistencia). Las entradas se pueden adquirir a trav\u00e9s de&nbsp;butacauno.com.ar&hellip; <\/p>\n","protected":false},"author":1,"featured_media":220637,"comment_status":"closed","ping_status":"open","sticky":false,"template":"","format":"standard","meta":{"footnotes":""},"categories":[19],"tags":[],"class_list":["post-220629","post","type-post","status-publish","format-standard","has-post-thumbnail","hentry","category-espectaculos"],"_links":{"self":[{"href":"https:\/\/corrientesdetarde.com\/index.php\/wp-json\/wp\/v2\/posts\/220629","targetHints":{"allow":["GET"]}}],"collection":[{"href":"https:\/\/corrientesdetarde.com\/index.php\/wp-json\/wp\/v2\/posts"}],"about":[{"href":"https:\/\/corrientesdetarde.com\/index.php\/wp-json\/wp\/v2\/types\/post"}],"author":[{"embeddable":true,"href":"https:\/\/corrientesdetarde.com\/index.php\/wp-json\/wp\/v2\/users\/1"}],"replies":[{"embeddable":true,"href":"https:\/\/corrientesdetarde.com\/index.php\/wp-json\/wp\/v2\/comments?post=220629"}],"version-history":[{"count":1,"href":"https:\/\/corrientesdetarde.com\/index.php\/wp-json\/wp\/v2\/posts\/220629\/revisions"}],"predecessor-version":[{"id":220638,"href":"https:\/\/corrientesdetarde.com\/index.php\/wp-json\/wp\/v2\/posts\/220629\/revisions\/220638"}],"wp:featuredmedia":[{"embeddable":true,"href":"https:\/\/corrientesdetarde.com\/index.php\/wp-json\/wp\/v2\/media\/220637"}],"wp:attachment":[{"href":"https:\/\/corrientesdetarde.com\/index.php\/wp-json\/wp\/v2\/media?parent=220629"}],"wp:term":[{"taxonomy":"category","embeddable":true,"href":"https:\/\/corrientesdetarde.com\/index.php\/wp-json\/wp\/v2\/categories?post=220629"},{"taxonomy":"post_tag","embeddable":true,"href":"https:\/\/corrientesdetarde.com\/index.php\/wp-json\/wp\/v2\/tags?post=220629"}],"curies":[{"name":"wp","href":"https:\/\/api.w.org\/{rel}","templated":true}]}}