{"id":220643,"date":"2025-08-05T13:40:29","date_gmt":"2025-08-05T16:40:29","guid":{"rendered":"https:\/\/corrientesdetarde.com\/?p=220643"},"modified":"2025-08-05T13:40:40","modified_gmt":"2025-08-05T16:40:40","slug":"un-nuevo-grupo-de-ex-combatientes-correntinos-volvera-a-las-islas-malvinas","status":"publish","type":"post","link":"https:\/\/corrientesdetarde.com\/index.php\/sociales\/un-nuevo-grupo-de-ex-combatientes-correntinos-volvera-a-las-islas-malvinas\/","title":{"rendered":"Un nuevo grupo de ex combatientes correntinos volver\u00e1 a las Islas Malvinas"},"content":{"rendered":"\n<p>Como parte de una pol\u00edtica de Estado de acompa\u00f1ar y homenajear a los h\u00e9roes de Malvinas, el Gobierno provincial organiza viajes a las islas para que los excombatientes puedan sanar viejas heridas. Este viernes 8 partir\u00e1 un nuevo contingente, en un viaje que se present\u00f3 este martes en Casa de Gobierno.<\/p>\n\n\n\n<p>El coordinador de este nuevo viaje a Malvinas, \u00c1ngel Flores inform\u00f3 que en esta oportunidad la comitiva estar\u00e1 integrada por 14 personas (12 excombatientes m\u00e1s 2 periodistas) y destac\u00f3 que gracias a la \u201csensibilidad del gobernador Gustavo Vald\u00e9s que toma la causa Malvinas como pol\u00edtica de Estado, podemos realizarlo nuevamente\u201d, con lo cual ya son m\u00e1s de 100 ex combatientes correntinos los que ya visitaron el archipi\u00e9lago.<\/p>\n\n\n\n<p>\u201cComo siempre decimos es un viaje para sanar las heridas de guerra de nuestros compa\u00f1eros\u201d, dijo con tono firme Flores, agregando que tambi\u00e9n sirve para \u201ccurar las almas y sacarse una pesada mochila de encima\u201d.<\/p>\n\n\n\n<p>Se trata de una \u201cexperiencia fuerte y reparadora que tiene un valor muy importante\u201d y mencion\u00f3 que, como parte del recorrido por Malvinas, uno de los momentos m\u00e1s emotivos es la visita al Cementerio de Darwin, visitando a los camaradas fallecidos, \u201calgo que nos toca muy de cerca en las fibras \u00edntimas de nuestros corazones\u201d.<\/p>\n\n\n\n<p><strong>Ministro Alfredo Vallejos<\/strong><\/p>\n\n\n\n<p>&nbsp;\u201cEl gobernador se comprometi\u00f3 con la Causa Malvinas hace muchos a\u00f1os, acompa\u00f1ando cada una de las iniciativas de la direcci\u00f3n provincial Malvinas Argentinas\u201d, inici\u00f3 su alocuci\u00f3n el ministro de Seguridad, al tomar la palabra.<\/p>\n\n\n\n<p>Alfredo Vallejos resalt\u00f3 esta pol\u00edtica de estado, que permite que distintos grupos de ex combatientes vuelvan a las Islas. \u201cVamos a tener un segundo contingente de ex soldados en un solo a\u00f1o hacia Malvinas\u201d, record\u00f3 el funcionario.<\/p>\n\n\n\n<p>Por otra parte, el mismo dio cuenta que estos viajes \u201cno solo representan el traslado de un punto a otro, sino la posibilidad de transmitir a todas generaciones lo que ha significado la entrega de los soldados que estuvieron en el \u201882 en las Islas\u201d.<\/p>\n\n\n\n<p>En otro orden de temas, Vallejos valor\u00f3 la construcci\u00f3n de los distintos Centros de ex combatientes, los cuales est\u00e1n distribuidos en distintos puntos de la provincia, para as\u00ed transmitir a la comunidad todo lo que refiere a la causa\u201d, se\u00f1al\u00f3.<\/p>\n\n\n\n<p>Asimismo, Vallejos reafirm\u00f3 el compromiso de \u201cseguir trabajando juntos y apoyarlos para que en cada uno de estos viajes puedan colmar sus expectativas\u201d.<\/p>\n\n\n\n<p>Y se dio tiempo para comentar lo que significa poder escuchar sus vivencias y experiencias con cada uno de ellos cuando retornan de Malvinas, siendo un \u201cmomento emotivo y enriquecedor que nos llena el alma\u201d.<\/p>\n\n\n\n<p><strong>Director Jos\u00e9 Galv\u00e1n<\/strong><\/p>\n\n\n\n<p>El director provincial de Malvinas Argentinas, Jos\u00e9 Galv\u00e1n, destac\u00f3 el fuerte compromiso del Gobierno de Corrientes con la causa y con los excombatientes, subrayando que la provincia es la \u00fanica en el pa\u00eds que sostiene este tipo de iniciativas de manera constante.<\/p>\n\n\n\n<p>\u201cEs un momento hist\u00f3rico\u201d, expres\u00f3 Galv\u00e1n. \u201cEstamos realizando el segundo viaje del a\u00f1o, y eso no ser\u00eda posible sin la firme decisi\u00f3n pol\u00edtica del gobernador, que ha hecho de la causa Malvinas una verdadera pol\u00edtica de Estado\u201d, a\u00f1adi\u00f3.<\/p>\n\n\n\n<p>Durante su intervenci\u00f3n, el funcionario record\u00f3 que este tipo de acciones tienen un alto valor simb\u00f3lico y reparador. \u201cSabemos que estamos atravesando un momento cr\u00edtico como pa\u00eds, pero justamente por eso es doblemente importante este gesto. El s\u00e1bado pasado recibimos los restos del sargento Cabral, un soldado que dio la vida defendiendo a su jefe. Hoy, finalmente, descansa en su tierra, en Corrientes\u201d, se\u00f1al\u00f3 con emoci\u00f3n.<\/p>\n\n\n\n<p>Galv\u00e1n tambi\u00e9n rememor\u00f3 los inicios de esta pol\u00edtica provincial, que surgi\u00f3 a partir del pedido de una madre que deseaba conocer el lugar donde su hijo hab\u00eda combatido. Fue el excombatiente Francisco Ayala quien impuls\u00f3 ese primer viaje. \u201c\u00c9l fue el promotor de todo esto. A partir de ese momento, comenzamos a gestionar y hoy logramos enviar 20 excombatientes por a\u00f1o a las islas\u201d, explic\u00f3.<\/p>\n\n\n\n<p>El funcionario resalt\u00f3 la importancia del acompa\u00f1amiento estatal, tanto en la partida como en el regreso de los veteranos. \u201cEn 1982 nos dejaron de noche, escondidos, para que no vieran el estado traum\u00e1tico en el que est\u00e1bamos. Hoy, gracias al compromiso del Gobierno de Corrientes, no solo se los despide como corresponde, sino que tambi\u00e9n se los recibe con el respeto que merecen\u201d, afirm\u00f3.<\/p>\n\n\n\n<p>\u201cEsa es la verdadera forma de sanar\u201d, concluy\u00f3 Galv\u00e1n, y destac\u00f3 la necesidad de seguir manteniendo viva la memoria. \u201cOjal\u00e1 alg\u00fan d\u00eda tambi\u00e9n podamos encontrar a nuestros h\u00e9roes ca\u00eddos en la mina y devolverlos a su tierra\u201d.<\/p>\n\n\n\n<figure class=\"wp-block-image size-large\"><img loading=\"lazy\" decoding=\"async\" width=\"1024\" height=\"682\" src=\"https:\/\/corrientesdetarde.com\/wp-content\/uploads\/2025\/08\/image-128-1024x682.png\" alt=\"\" class=\"wp-image-220645\" srcset=\"https:\/\/corrientesdetarde.com\/wp-content\/uploads\/2025\/08\/image-128-1024x682.png 1024w, https:\/\/corrientesdetarde.com\/wp-content\/uploads\/2025\/08\/image-128-300x200.png 300w, https:\/\/corrientesdetarde.com\/wp-content\/uploads\/2025\/08\/image-128-768x512.png 768w, https:\/\/corrientesdetarde.com\/wp-content\/uploads\/2025\/08\/image-128-1536x1023.png 1536w, https:\/\/corrientesdetarde.com\/wp-content\/uploads\/2025\/08\/image-128.png 1600w\" sizes=\"auto, (max-width: 1024px) 100vw, 1024px\" \/><\/figure>\n\n\n\n<figure class=\"wp-block-image size-large\"><img loading=\"lazy\" decoding=\"async\" width=\"1024\" height=\"701\" src=\"https:\/\/corrientesdetarde.com\/wp-content\/uploads\/2025\/08\/image-129-1024x701.png\" alt=\"\" class=\"wp-image-220646\" srcset=\"https:\/\/corrientesdetarde.com\/wp-content\/uploads\/2025\/08\/image-129-1024x701.png 1024w, https:\/\/corrientesdetarde.com\/wp-content\/uploads\/2025\/08\/image-129-300x206.png 300w, https:\/\/corrientesdetarde.com\/wp-content\/uploads\/2025\/08\/image-129-768x526.png 768w, https:\/\/corrientesdetarde.com\/wp-content\/uploads\/2025\/08\/image-129-1536x1052.png 1536w, https:\/\/corrientesdetarde.com\/wp-content\/uploads\/2025\/08\/image-129.png 1600w\" sizes=\"auto, (max-width: 1024px) 100vw, 1024px\" \/><\/figure>\n\n\n\n<figure class=\"wp-block-image size-large\"><img loading=\"lazy\" decoding=\"async\" width=\"1024\" height=\"706\" src=\"https:\/\/corrientesdetarde.com\/wp-content\/uploads\/2025\/08\/image-130-1024x706.png\" alt=\"\" class=\"wp-image-220647\" srcset=\"https:\/\/corrientesdetarde.com\/wp-content\/uploads\/2025\/08\/image-130-1024x706.png 1024w, https:\/\/corrientesdetarde.com\/wp-content\/uploads\/2025\/08\/image-130-300x207.png 300w, https:\/\/corrientesdetarde.com\/wp-content\/uploads\/2025\/08\/image-130-768x529.png 768w, https:\/\/corrientesdetarde.com\/wp-content\/uploads\/2025\/08\/image-130-1536x1059.png 1536w, https:\/\/corrientesdetarde.com\/wp-content\/uploads\/2025\/08\/image-130.png 1600w\" sizes=\"auto, (max-width: 1024px) 100vw, 1024px\" \/><\/figure>\n","protected":false},"excerpt":{"rendered":"<p>Como parte de una pol\u00edtica de Estado de acompa\u00f1ar y homenajear a los h\u00e9roes de Malvinas, el Gobierno provincial organiza viajes a las islas para que los excombatientes puedan sanar&hellip; <\/p>\n","protected":false},"author":8,"featured_media":220644,"comment_status":"closed","ping_status":"open","sticky":false,"template":"","format":"standard","meta":{"footnotes":""},"categories":[17],"tags":[],"class_list":["post-220643","post","type-post","status-publish","format-standard","has-post-thumbnail","hentry","category-sociales"],"_links":{"self":[{"href":"https:\/\/corrientesdetarde.com\/index.php\/wp-json\/wp\/v2\/posts\/220643","targetHints":{"allow":["GET"]}}],"collection":[{"href":"https:\/\/corrientesdetarde.com\/index.php\/wp-json\/wp\/v2\/posts"}],"about":[{"href":"https:\/\/corrientesdetarde.com\/index.php\/wp-json\/wp\/v2\/types\/post"}],"author":[{"embeddable":true,"href":"https:\/\/corrientesdetarde.com\/index.php\/wp-json\/wp\/v2\/users\/8"}],"replies":[{"embeddable":true,"href":"https:\/\/corrientesdetarde.com\/index.php\/wp-json\/wp\/v2\/comments?post=220643"}],"version-history":[{"count":1,"href":"https:\/\/corrientesdetarde.com\/index.php\/wp-json\/wp\/v2\/posts\/220643\/revisions"}],"predecessor-version":[{"id":220648,"href":"https:\/\/corrientesdetarde.com\/index.php\/wp-json\/wp\/v2\/posts\/220643\/revisions\/220648"}],"wp:featuredmedia":[{"embeddable":true,"href":"https:\/\/corrientesdetarde.com\/index.php\/wp-json\/wp\/v2\/media\/220644"}],"wp:attachment":[{"href":"https:\/\/corrientesdetarde.com\/index.php\/wp-json\/wp\/v2\/media?parent=220643"}],"wp:term":[{"taxonomy":"category","embeddable":true,"href":"https:\/\/corrientesdetarde.com\/index.php\/wp-json\/wp\/v2\/categories?post=220643"},{"taxonomy":"post_tag","embeddable":true,"href":"https:\/\/corrientesdetarde.com\/index.php\/wp-json\/wp\/v2\/tags?post=220643"}],"curies":[{"name":"wp","href":"https:\/\/api.w.org\/{rel}","templated":true}]}}