{"id":220649,"date":"2025-08-05T13:43:53","date_gmt":"2025-08-05T16:43:53","guid":{"rendered":"https:\/\/corrientesdetarde.com\/?p=220649"},"modified":"2025-08-05T13:44:05","modified_gmt":"2025-08-05T16:44:05","slug":"la-celebracion-japonesa-hanami-fest-se-realizara-el-domingo-en-anfiteatro-jose-hernandez","status":"publish","type":"post","link":"https:\/\/corrientesdetarde.com\/index.php\/eventossociedad\/la-celebracion-japonesa-hanami-fest-se-realizara-el-domingo-en-anfiteatro-jose-hernandez\/","title":{"rendered":"La celebraci\u00f3n japonesa Hanami Fest se realizar\u00e1 el domingo en anfiteatro Jos\u00e9 Hern\u00e1ndez"},"content":{"rendered":"\n<p>Con gran expectativa, se realiz\u00f3 el lanzamiento de la 6\u00aa edici\u00f3n del Hanami Fest -celebraci\u00f3n de la floraci\u00f3n del cerezo-, organizado por la Asociaci\u00f3n Japonesa de Corrientes junto al acompa\u00f1amiento de la Municipalidad de Corrientes. El evento tendr\u00e1 lugar este domingo, de 15 a 23, en el anfiteatro Jos\u00e9 Hern\u00e1ndez -avenida costanera General San Martin entre Don Bosco y Pago Largo-, con shows en vivo, feria de comida japonesa, danzas tradicionales, taiko (tambores japoneses) y stands de emprendedores: origami, caligraf\u00edas y m\u00e1s.<br><br>Un abanico de interesantes propuestas para conocer sobre la cultura japonesa formar\u00e1 parte de esta nueva edici\u00f3n del Hanami Fest, cuyo lanzamiento se realiz\u00f3 en el marco de una conferencia de prensa en la sede la asociaci\u00f3n, en el que no falt\u00f3 la degustaci\u00f3n de platos t\u00edpicos japoneses entre los presentes.<br><br>El subsecretario de Promoci\u00f3n y Calidad del municipio, Juan Pedro Picasso, invit\u00f3 a los vecinos a \u201cque se acerquen este domingo 10 de agosto al anfiteatro Hern\u00e1ndez para disfrutar de toda la magia que tiene el Hanami, que es una celebraci\u00f3n muy tradicional en la cultura japonesa y que tiene que ver con la contemplaci\u00f3n de la floraci\u00f3n de los \u00e1rboles del cerezo, un \u00e1rbol que es muy parecido a nuestros lapachos, e invita a contemplar la naturaleza, los espacios y desde la municipalidad queremos celebrar el gran trabajo que hace muchos a\u00f1os lleva adelante la colectividad japonesa\u201d.<br><br>Picasso destac\u00f3 que \u201cCorrientes es una ciudad de eventos, pero tambi\u00e9n es una ciudad que cuida su patrimonio, sus espacios y queremos poner en valor todo esto, poder disfrutar de las diferentes culturas, hermanarse con ellas, hacerlas propias e integrarlas\u201d.<br><br>Por su parte, el presidente de la Asociaci\u00f3n Japonesa de Corrientes Fernando Pereyra Ogawa, destac\u00f3 que \u201cgracias al acompa\u00f1amiento de la Municipalidad se est\u00e1 agrandando much\u00edsimo el evento. Arrancamos en el 2018, trabajando entre nosotros, y este a\u00f1o esperamos contar con m\u00e1s de 7.000 visitantes en la feria\u201d.<br><br>Adelant\u00f3 que El Hanami Fest \u201ces un evento cultural donde se presentan actividades de danza, canto, tambores japoneses tradicionales y por supuesto feria gastron\u00f3mica y artesan\u00eda japonesa\u201d.<br><br>En esta edici\u00f3n estar\u00e1n presentes adem\u00e1s de artistas locales, de Buenos Aires, Misiones y de la Rep\u00fablica del Paraguay.<br><br>SHOWS EN VIVO, GASTRONOM\u00cdA Y ARTE<br><br>Durante la conferencia, desde la Asociaci\u00f3n anticiparon que quienes se acerquen al anfiteatro podr\u00e1n disfrutar de m\u00e1s de siete horas de una variedad de espect\u00e1culos en vivo, entre otras propuestas gastron\u00f3micas y art\u00edsticas que permitan a los vecinos conocer un poco m\u00e1s sobre la cultura japonesa, adem\u00e1s de varias sorpresas.<br><br>La jornada contar\u00e1 con las actuaciones de Shirayurikai-Sakura no kai (Buenos Aires), Ryuujin Daiko (Jard\u00edn Am\u00e9rica, Misiones), Ryukyukoku Matsuridaiko (Buenos Aires), Paraguay Uta Aikookai (Paraguay) y de Corrientes Yoshitharo Kuroki, Pieris Jap\u00f3nica y Yokai Bando. Adem\u00e1s de demostraci\u00f3n de artes marciales como aikido, karate y kendo.<br><br>En cuanto a la gastronom\u00eda, se podr\u00e1 degustar y adquirir platos t\u00edpicos como karaage, tempura, yakisoba, makizushi y onigiri, omusubi, adem\u00e1s de bandejas de dulces con masas rellenas de crema de lim\u00f3n, dulce de leche, entre otros. Al respecto, para una mejor organizaci\u00f3n y no quedarse sin stock, desde la Asociaci\u00f3n recomendaron reservar la comida con antelaci\u00f3n a trav\u00e9s de la preventa, comunic\u00e1ndose al&nbsp;<a href=\"tel:3794-379475\" target=\"_blank\" rel=\"noreferrer noopener\">3794-379475<\/a>.<\/p>\n\n\n\n<p><em><a href=\"https:\/\/ciudaddecorrientes.us12.list-manage.com\/track\/click?u=253e4bcff71216c6af771c3c9&amp;id=d499d55612&amp;e=17643edfa8\" target=\"_blank\" rel=\"noreferrer noopener\">Nota de TV:<\/a>&nbsp;Juan Pedro Picasso, subsecretario de Promoci\u00f3n y Calidad del municipio, y Fernando Pereyra Ogawa, presidente de la Asociaci\u00f3n Japonesa de Corrientes<\/em><\/p>\n\n\n\n<figure class=\"wp-block-image size-large\"><img loading=\"lazy\" decoding=\"async\" width=\"1024\" height=\"682\" src=\"https:\/\/corrientesdetarde.com\/wp-content\/uploads\/2025\/08\/image-131-1024x682.png\" alt=\"\" class=\"wp-image-220650\" srcset=\"https:\/\/corrientesdetarde.com\/wp-content\/uploads\/2025\/08\/image-131-1024x682.png 1024w, https:\/\/corrientesdetarde.com\/wp-content\/uploads\/2025\/08\/image-131-300x200.png 300w, https:\/\/corrientesdetarde.com\/wp-content\/uploads\/2025\/08\/image-131-768x512.png 768w, https:\/\/corrientesdetarde.com\/wp-content\/uploads\/2025\/08\/image-131.png 1280w\" sizes=\"auto, (max-width: 1024px) 100vw, 1024px\" \/><\/figure>\n\n\n\n<figure class=\"wp-block-image size-large\"><img loading=\"lazy\" decoding=\"async\" width=\"1024\" height=\"682\" src=\"https:\/\/corrientesdetarde.com\/wp-content\/uploads\/2025\/08\/image-132-1024x682.png\" alt=\"\" class=\"wp-image-220651\" srcset=\"https:\/\/corrientesdetarde.com\/wp-content\/uploads\/2025\/08\/image-132-1024x682.png 1024w, https:\/\/corrientesdetarde.com\/wp-content\/uploads\/2025\/08\/image-132-300x200.png 300w, https:\/\/corrientesdetarde.com\/wp-content\/uploads\/2025\/08\/image-132-768x512.png 768w, https:\/\/corrientesdetarde.com\/wp-content\/uploads\/2025\/08\/image-132.png 1280w\" sizes=\"auto, (max-width: 1024px) 100vw, 1024px\" \/><\/figure>\n\n\n\n<figure class=\"wp-block-image size-large\"><img loading=\"lazy\" decoding=\"async\" width=\"1024\" height=\"682\" src=\"https:\/\/corrientesdetarde.com\/wp-content\/uploads\/2025\/08\/image-133-1024x682.png\" alt=\"\" class=\"wp-image-220652\" srcset=\"https:\/\/corrientesdetarde.com\/wp-content\/uploads\/2025\/08\/image-133-1024x682.png 1024w, https:\/\/corrientesdetarde.com\/wp-content\/uploads\/2025\/08\/image-133-300x200.png 300w, https:\/\/corrientesdetarde.com\/wp-content\/uploads\/2025\/08\/image-133-768x512.png 768w, https:\/\/corrientesdetarde.com\/wp-content\/uploads\/2025\/08\/image-133.png 1280w\" sizes=\"auto, (max-width: 1024px) 100vw, 1024px\" \/><\/figure>\n\n\n\n<figure class=\"wp-block-image size-large\"><img loading=\"lazy\" decoding=\"async\" width=\"1024\" height=\"682\" src=\"https:\/\/corrientesdetarde.com\/wp-content\/uploads\/2025\/08\/image-134-1024x682.png\" alt=\"\" class=\"wp-image-220653\" srcset=\"https:\/\/corrientesdetarde.com\/wp-content\/uploads\/2025\/08\/image-134-1024x682.png 1024w, https:\/\/corrientesdetarde.com\/wp-content\/uploads\/2025\/08\/image-134-300x200.png 300w, https:\/\/corrientesdetarde.com\/wp-content\/uploads\/2025\/08\/image-134-768x512.png 768w, https:\/\/corrientesdetarde.com\/wp-content\/uploads\/2025\/08\/image-134.png 1280w\" sizes=\"auto, (max-width: 1024px) 100vw, 1024px\" \/><\/figure>\n\n\n\n<figure class=\"wp-block-image size-large\"><img loading=\"lazy\" decoding=\"async\" width=\"1024\" height=\"682\" src=\"https:\/\/corrientesdetarde.com\/wp-content\/uploads\/2025\/08\/image-135-1024x682.png\" alt=\"\" class=\"wp-image-220654\" srcset=\"https:\/\/corrientesdetarde.com\/wp-content\/uploads\/2025\/08\/image-135-1024x682.png 1024w, https:\/\/corrientesdetarde.com\/wp-content\/uploads\/2025\/08\/image-135-300x200.png 300w, https:\/\/corrientesdetarde.com\/wp-content\/uploads\/2025\/08\/image-135-768x512.png 768w, https:\/\/corrientesdetarde.com\/wp-content\/uploads\/2025\/08\/image-135.png 1280w\" sizes=\"auto, (max-width: 1024px) 100vw, 1024px\" \/><\/figure>\n\n\n\n<figure class=\"wp-block-image size-large\"><img loading=\"lazy\" decoding=\"async\" width=\"1024\" height=\"682\" src=\"https:\/\/corrientesdetarde.com\/wp-content\/uploads\/2025\/08\/image-136-1024x682.png\" alt=\"\" class=\"wp-image-220655\" srcset=\"https:\/\/corrientesdetarde.com\/wp-content\/uploads\/2025\/08\/image-136-1024x682.png 1024w, https:\/\/corrientesdetarde.com\/wp-content\/uploads\/2025\/08\/image-136-300x200.png 300w, https:\/\/corrientesdetarde.com\/wp-content\/uploads\/2025\/08\/image-136-768x512.png 768w, https:\/\/corrientesdetarde.com\/wp-content\/uploads\/2025\/08\/image-136.png 1280w\" sizes=\"auto, (max-width: 1024px) 100vw, 1024px\" \/><\/figure>\n","protected":false},"excerpt":{"rendered":"<p>Con gran expectativa, se realiz\u00f3 el lanzamiento de la 6\u00aa edici\u00f3n del Hanami Fest -celebraci\u00f3n de la floraci\u00f3n del cerezo-, organizado por la Asociaci\u00f3n Japonesa de Corrientes junto al acompa\u00f1amiento&hellip; <\/p>\n","protected":false},"author":8,"featured_media":220653,"comment_status":"closed","ping_status":"open","sticky":false,"template":"","format":"standard","meta":{"footnotes":""},"categories":[1208],"tags":[],"class_list":["post-220649","post","type-post","status-publish","format-standard","has-post-thumbnail","hentry","category-eventossociedad"],"_links":{"self":[{"href":"https:\/\/corrientesdetarde.com\/index.php\/wp-json\/wp\/v2\/posts\/220649","targetHints":{"allow":["GET"]}}],"collection":[{"href":"https:\/\/corrientesdetarde.com\/index.php\/wp-json\/wp\/v2\/posts"}],"about":[{"href":"https:\/\/corrientesdetarde.com\/index.php\/wp-json\/wp\/v2\/types\/post"}],"author":[{"embeddable":true,"href":"https:\/\/corrientesdetarde.com\/index.php\/wp-json\/wp\/v2\/users\/8"}],"replies":[{"embeddable":true,"href":"https:\/\/corrientesdetarde.com\/index.php\/wp-json\/wp\/v2\/comments?post=220649"}],"version-history":[{"count":1,"href":"https:\/\/corrientesdetarde.com\/index.php\/wp-json\/wp\/v2\/posts\/220649\/revisions"}],"predecessor-version":[{"id":220656,"href":"https:\/\/corrientesdetarde.com\/index.php\/wp-json\/wp\/v2\/posts\/220649\/revisions\/220656"}],"wp:featuredmedia":[{"embeddable":true,"href":"https:\/\/corrientesdetarde.com\/index.php\/wp-json\/wp\/v2\/media\/220653"}],"wp:attachment":[{"href":"https:\/\/corrientesdetarde.com\/index.php\/wp-json\/wp\/v2\/media?parent=220649"}],"wp:term":[{"taxonomy":"category","embeddable":true,"href":"https:\/\/corrientesdetarde.com\/index.php\/wp-json\/wp\/v2\/categories?post=220649"},{"taxonomy":"post_tag","embeddable":true,"href":"https:\/\/corrientesdetarde.com\/index.php\/wp-json\/wp\/v2\/tags?post=220649"}],"curies":[{"name":"wp","href":"https:\/\/api.w.org\/{rel}","templated":true}]}}