{"id":220749,"date":"2025-08-05T20:16:09","date_gmt":"2025-08-05T23:16:09","guid":{"rendered":"https:\/\/corrientesdetarde.com\/?p=220749"},"modified":"2025-08-05T20:16:20","modified_gmt":"2025-08-05T23:16:20","slug":"la-municipalidad-promueve-la-lactancia-materna-con-una-semana-cargada-de-actividades","status":"publish","type":"post","link":"https:\/\/corrientesdetarde.com\/index.php\/bienestar-y-salud\/la-municipalidad-promueve-la-lactancia-materna-con-una-semana-cargada-de-actividades\/","title":{"rendered":"La Municipalidad promueve la lactancia materna con una semana cargada de actividades"},"content":{"rendered":"\n<p><em>En la Saps Miguel Rossi Candia del barrio Independencia comenzaron hoy las acciones en el marco de la Semana de la Lactancia Materna. Est\u00e1n previstos charlas, talleres, caminatas y propuestas conjuntas con organismos provinciales para visibilizar la importancia de la alimentaci\u00f3n natural en la infancia.<\/em><\/p>\n\n\n\n<figure class=\"wp-block-embed is-type-video is-provider-youtube wp-block-embed-youtube wp-embed-aspect-16-9 wp-has-aspect-ratio\"><div class=\"wp-block-embed__wrapper\">\n<iframe loading=\"lazy\" title=\"Semana mundial de la lactancia\" width=\"1110\" height=\"624\" src=\"https:\/\/www.youtube.com\/embed\/8nSVyqGUlXQ?feature=oembed\" frameborder=\"0\" allow=\"accelerometer; autoplay; clipboard-write; encrypted-media; gyroscope; picture-in-picture; web-share\" referrerpolicy=\"strict-origin-when-cross-origin\" allowfullscreen><\/iframe>\n<\/div><\/figure>\n\n\n\n<p>Con el objetivo de promover, proteger y apoyar la lactancia materna como pilar fundamental del desarrollo infantil, la Municipalidad de Corrientes lleva adelante una serie de actividades en el marco de la Semana Mundial de la Lactancia Materna, que se conmemora del 1 al 7 de agosto bajo el lema \u201cPriorizando la lactancia materna, creando sistemas de apoyo sostenibles\u201d.<\/p>\n\n\n\n<p>Las propuestas organizadas por la Secretar\u00eda de Salud municipal incluyen charlas, talleres y acciones comunitarias en distintas Salas de Atenci\u00f3n Primaria de la Salud (SAPS) de la capital, as\u00ed como eventos abiertos a la ciudadan\u00eda y actividades articuladas con el Gobierno Provincial.<\/p>\n\n\n\n<p>Desde la Saps \u201cMiguel Rossi Candia\u201d del barrio Independencia, donde se dio inicio formal a las actividades este martes 5, la coordinadora de Promoci\u00f3n y Prevenci\u00f3n de la Salud Municipal, Gladis Vallejos Jara, destac\u00f3: \u201cEstamos realizando una de las tantas actividades programadas en esta semana tan significativa donde se trabaja con el objetivo de concientizar acerca de la importancia que representa la lactancia materna en el crecimiento de nuestros ni\u00f1os\u201d.<\/p>\n\n\n\n<figure class=\"wp-block-image size-large\"><img loading=\"lazy\" decoding=\"async\" width=\"1024\" height=\"683\" src=\"https:\/\/corrientesdetarde.com\/wp-content\/uploads\/2025\/08\/image-173-1024x683.png\" alt=\"\" class=\"wp-image-220752\" srcset=\"https:\/\/corrientesdetarde.com\/wp-content\/uploads\/2025\/08\/image-173-1024x683.png 1024w, https:\/\/corrientesdetarde.com\/wp-content\/uploads\/2025\/08\/image-173-300x200.png 300w, https:\/\/corrientesdetarde.com\/wp-content\/uploads\/2025\/08\/image-173-768x512.png 768w, https:\/\/corrientesdetarde.com\/wp-content\/uploads\/2025\/08\/image-173.png 1262w\" sizes=\"auto, (max-width: 1024px) 100vw, 1024px\" \/><\/figure>\n\n\n\n<p>La funcionaria remarc\u00f3 adem\u00e1s que \u201cestas acciones no se circunscriben solamente a esta semana, sino que se realizan todos los meses del a\u00f1o, acompa\u00f1ando a las mam\u00e1s en todas las etapas\u201d.<\/p>\n\n\n\n<p>Por su parte, la directora de Maternidad e Infancia municipal, Clara Aquino, puso el foco en la labor sostenida que se realiza desde las Saps. \u201cLa Municipalidad cuenta con 10 obst\u00e9tricas que cumplen funciones en 20 Saps, donde se brinda preparaci\u00f3n integral para la maternidad, acompa\u00f1ando a las mam\u00e1s desde el embarazo y promoviendo la alimentaci\u00f3n natural desde los primeros d\u00edas de vida del beb\u00e9\u201d, explic\u00f3.<\/p>\n\n\n\n<p>Tambi\u00e9n resalt\u00f3 el rol del municipio capitalino en la \u201crecolecci\u00f3n de leche humana\u201d, en el marco de la ley provincial que dio origen al Centro de Recolecci\u00f3n de Leche Humana. \u201cEl banco de leche no existir\u00eda sin mam\u00e1s donantes, y ellas tampoco podr\u00edan donar si no contaran con un equipo de salud preparado para acompa\u00f1arlas en este momento tan trascendental\u201d, se\u00f1al\u00f3.<\/p>\n\n\n\n<p>Las actividades continuar\u00e1n este mi\u00e9rcoles 6, por la tarde, en la Saps de Villa Chiquita, y el viernes 8 por la ma\u00f1ana en la Saps Guillermo Rawson, del barrio San Ger\u00f3nimo. El jueves 7, a las 16, se realizar\u00e1 la tradicional caminata de los Centros de Desarrollo Infantil (CDI) desde la plaza Vera hasta la plaza 25 de Mayo, concluyendo con un acto provincial conjunto con el Banco de Leche Humana del Hospital Elo\u00edsa Torrent de Vidal en la Legislatura provincial.<\/p>\n\n\n\n<p>Finalmente, el domingo 10 de agosto se realizar\u00e1 el acto de cierre municipal de la Semana Mundial de la Lactancia Materna en el Monumento a la Madre (esquina de Salta y Vera), con una actividad comunitaria titulada \u201cMate cocido, teta y torta frita\u201d, a la que se invita a toda la ciudadan\u00eda a participar.<\/p>\n\n\n\n<p>\u201cDesde hace 33 a\u00f1os el mundo entero busca visibilizar esta tem\u00e1tica, pero nosotros la trabajamos todo el a\u00f1o. La lactancia materna es una herramienta clave para el desarrollo saludable de nuestros ni\u00f1os y ni\u00f1as\u201d, concluy\u00f3 la doctora Aquino.<\/p>\n","protected":false},"excerpt":{"rendered":"<p>En la Saps Miguel Rossi Candia del barrio Independencia comenzaron hoy las acciones en el marco de la Semana de la Lactancia Materna. Est\u00e1n previstos charlas, talleres, caminatas y propuestas&hellip; <\/p>\n","protected":false},"author":4,"featured_media":220753,"comment_status":"closed","ping_status":"open","sticky":false,"template":"","format":"standard","meta":{"footnotes":""},"categories":[16],"tags":[],"class_list":["post-220749","post","type-post","status-publish","format-standard","has-post-thumbnail","hentry","category-bienestar-y-salud"],"_links":{"self":[{"href":"https:\/\/corrientesdetarde.com\/index.php\/wp-json\/wp\/v2\/posts\/220749","targetHints":{"allow":["GET"]}}],"collection":[{"href":"https:\/\/corrientesdetarde.com\/index.php\/wp-json\/wp\/v2\/posts"}],"about":[{"href":"https:\/\/corrientesdetarde.com\/index.php\/wp-json\/wp\/v2\/types\/post"}],"author":[{"embeddable":true,"href":"https:\/\/corrientesdetarde.com\/index.php\/wp-json\/wp\/v2\/users\/4"}],"replies":[{"embeddable":true,"href":"https:\/\/corrientesdetarde.com\/index.php\/wp-json\/wp\/v2\/comments?post=220749"}],"version-history":[{"count":1,"href":"https:\/\/corrientesdetarde.com\/index.php\/wp-json\/wp\/v2\/posts\/220749\/revisions"}],"predecessor-version":[{"id":220754,"href":"https:\/\/corrientesdetarde.com\/index.php\/wp-json\/wp\/v2\/posts\/220749\/revisions\/220754"}],"wp:featuredmedia":[{"embeddable":true,"href":"https:\/\/corrientesdetarde.com\/index.php\/wp-json\/wp\/v2\/media\/220753"}],"wp:attachment":[{"href":"https:\/\/corrientesdetarde.com\/index.php\/wp-json\/wp\/v2\/media?parent=220749"}],"wp:term":[{"taxonomy":"category","embeddable":true,"href":"https:\/\/corrientesdetarde.com\/index.php\/wp-json\/wp\/v2\/categories?post=220749"},{"taxonomy":"post_tag","embeddable":true,"href":"https:\/\/corrientesdetarde.com\/index.php\/wp-json\/wp\/v2\/tags?post=220749"}],"curies":[{"name":"wp","href":"https:\/\/api.w.org\/{rel}","templated":true}]}}