{"id":220781,"date":"2025-08-06T08:44:46","date_gmt":"2025-08-06T11:44:46","guid":{"rendered":"https:\/\/corrientesdetarde.com\/?p=220781"},"modified":"2025-08-06T08:44:50","modified_gmt":"2025-08-06T11:44:50","slug":"valdes-se-posiciono-como-el-gobernador-con-mejor-imagen","status":"publish","type":"post","link":"https:\/\/corrientesdetarde.com\/index.php\/locales\/valdes-se-posiciono-como-el-gobernador-con-mejor-imagen\/","title":{"rendered":"Vald\u00e9s se posicion\u00f3 como el gobernador con mejor imagen"},"content":{"rendered":"\n<p>Gustavo Vald\u00e9s es el gobernador con mejor imagen del pa\u00eds, seg\u00fan una encuesta que difundi\u00f3 CB Consultora de Opini\u00f3n P\u00fablica. El titular del Ejecutivo provincial registr\u00f3 un 60,7% de valoraci\u00f3n positiva. Los n\u00fameros lo fortalecen en un medio de una campa\u00f1a electoral en la que la ciudadan\u00eda debe optar por su sucesor y, en el caso del oficialismo, impulsan a Juan Pablo Vald\u00e9s como candidato.<\/p>\n\n\n\n<p>El Mandatario provincial lidera la grilla con un 60,7% de valoraci\u00f3n favorable durante el mes de agosto. De este total, el 32,5% considera que su imagen es muy buena, mientras que el 28,2%, evalu\u00f3 que es buena. El 18,1% respondi\u00f3 que la gesti\u00f3n es muy mala y el 17,4%, que es mala. Las cifras arrojan una leve ca\u00edda si se compara con julio pasado cuando el correntino registr\u00f3 una ponderaci\u00f3n positiva de 61,8%. No obstante, contin\u00faa primero en el ranking nacional, a pocas semanas de los comicios provinciales.<\/p>\n\n\n\n<p>En segundo lugar se ubica el Gobernador de Tucum\u00e1n, Osvaldo Jaldo, con 60,3% de imagen positiva. El peronista dialoguista con la Casa Rosada tambi\u00e9n registr\u00f3 una disminuci\u00f3n en relaci\u00f3n con el s\u00e9ptimo mes del a\u00f1o. S\u00ed creci\u00f3, pr\u00e1cticamente dos puntos, la visi\u00f3n favorable hacia el cordob\u00e9s Mart\u00edn Llaryora, quien posee una ponderaci\u00f3n positiva de 59%, frente a un 35,7% de opini\u00f3n negativa.<\/p>\n\n\n\n<p>El Gobernador de la provincia mediterr\u00e1nea participar\u00e1 del espacio Grito Federal, un sector que se posiciona como &#8220;la ancha avenida del medio&#8221; entre las tensiones de La Libertad Avanza y el PJ, que cuenta con el respaldo de sus pares afines, como el radical Maximiliano Pullaro de Santa Fe. A su vez, cuentan con el acompa\u00f1amiento de unos 400 Intendentes que tambi\u00e9n esperan pujar en los comicios.<\/p>\n\n\n\n<p>De esta manera, los dirigentes territoriales asoman con espacio propio en la contienda electoral. Corrientes ser\u00e1 uno de los primeros turnos donde se capitalizar\u00e1 el liderazgo de los mandatarios, ya que el radical Vald\u00e9s trabaj\u00f3 en un armado local sin LLA entre sus filas. El oficialismo provincial propone la candidatura del intendente de Ituzaing\u00f3 Juan Pablo Vald\u00e9s.<\/p>\n\n\n\n<p>Contin\u00faa el turno en Buenos Aires, donde el principal referente de la oposici\u00f3n al Gobierno de Javier Milei, Axel Kicillof se juega el poder en la Legislatura. Tambi\u00e9n, ser\u00e1 una vidriera que nacionaliza la campa\u00f1a. El mandatario bonaerense es el cuarto Gobernador con peor imagen a nivel pa\u00eds. La valoraci\u00f3n positiva solo alcanza el 46,4%.<\/p>\n\n\n\n<p>Por su parte, el Gobernador del Chaco, Leandro Zdero se posiciona quinto en el ranking con una imagen positiva de 58,1%. De este total, el 28,2% considera que es muy buena, mientras que el 29,9% evalu\u00f3 como muy buena.<\/p>\n\n\n\n<p>A nivel local, el intendente de Corrientes, Eduardo Tassano es el jefe comunal con mejor imagen positiva del pa\u00eds. Su valoraci\u00f3n es de 61,7%, mientras que la negativa alcanza el 35,1%, seg\u00fan indica el informe de CB Consultora Opini\u00f3n P\u00fablica. El referente territorial participar\u00e1 este a\u00f1o de la contienda electoral ya que encabeza la lista de candidatos a Diputados del oficialismo provincial.<\/p>\n\n\n\n<p>Lo sigue Leonardo Stelatto, con una imagen positiva de 61,3% para el titular del Ejecutivo Municipal de Posadas. En segundo lugar, se ubica Rossana Chahla, intendente de Tucum\u00e1n.<\/p>\n","protected":false},"excerpt":{"rendered":"<p>Gustavo Vald\u00e9s es el gobernador con mejor imagen del pa\u00eds, seg\u00fan una encuesta que difundi\u00f3 CB Consultora de Opini\u00f3n P\u00fablica. El titular del Ejecutivo provincial registr\u00f3 un 60,7% de valoraci\u00f3n&hellip; <\/p>\n","protected":false},"author":1,"featured_media":220786,"comment_status":"closed","ping_status":"open","sticky":false,"template":"","format":"standard","meta":{"footnotes":""},"categories":[8],"tags":[],"class_list":["post-220781","post","type-post","status-publish","format-standard","has-post-thumbnail","hentry","category-locales"],"_links":{"self":[{"href":"https:\/\/corrientesdetarde.com\/index.php\/wp-json\/wp\/v2\/posts\/220781","targetHints":{"allow":["GET"]}}],"collection":[{"href":"https:\/\/corrientesdetarde.com\/index.php\/wp-json\/wp\/v2\/posts"}],"about":[{"href":"https:\/\/corrientesdetarde.com\/index.php\/wp-json\/wp\/v2\/types\/post"}],"author":[{"embeddable":true,"href":"https:\/\/corrientesdetarde.com\/index.php\/wp-json\/wp\/v2\/users\/1"}],"replies":[{"embeddable":true,"href":"https:\/\/corrientesdetarde.com\/index.php\/wp-json\/wp\/v2\/comments?post=220781"}],"version-history":[{"count":1,"href":"https:\/\/corrientesdetarde.com\/index.php\/wp-json\/wp\/v2\/posts\/220781\/revisions"}],"predecessor-version":[{"id":220787,"href":"https:\/\/corrientesdetarde.com\/index.php\/wp-json\/wp\/v2\/posts\/220781\/revisions\/220787"}],"wp:featuredmedia":[{"embeddable":true,"href":"https:\/\/corrientesdetarde.com\/index.php\/wp-json\/wp\/v2\/media\/220786"}],"wp:attachment":[{"href":"https:\/\/corrientesdetarde.com\/index.php\/wp-json\/wp\/v2\/media?parent=220781"}],"wp:term":[{"taxonomy":"category","embeddable":true,"href":"https:\/\/corrientesdetarde.com\/index.php\/wp-json\/wp\/v2\/categories?post=220781"},{"taxonomy":"post_tag","embeddable":true,"href":"https:\/\/corrientesdetarde.com\/index.php\/wp-json\/wp\/v2\/tags?post=220781"}],"curies":[{"name":"wp","href":"https:\/\/api.w.org\/{rel}","templated":true}]}}