{"id":220782,"date":"2025-08-06T08:43:16","date_gmt":"2025-08-06T11:43:16","guid":{"rendered":"https:\/\/corrientesdetarde.com\/?p=220782"},"modified":"2025-08-06T08:43:45","modified_gmt":"2025-08-06T11:43:45","slug":"no-es-un-objeto-es-un-nino-una-madre-denuncia-que-la-justicia-de-corrientes-le-quito-a-su-hijo-sin-fundamentos","status":"publish","type":"post","link":"https:\/\/corrientesdetarde.com\/index.php\/sociales\/no-es-un-objeto-es-un-nino-una-madre-denuncia-que-la-justicia-de-corrientes-le-quito-a-su-hijo-sin-fundamentos\/","title":{"rendered":"\u201cNo es un objeto, es un ni\u00f1o\u201d: una madre denuncia que la Justicia de Corrientes le quit\u00f3 a su hijo sin fundamentos"},"content":{"rendered":"\n<figure class=\"wp-block-image size-large\"><img loading=\"lazy\" decoding=\"async\" width=\"1024\" height=\"576\" src=\"https:\/\/corrientesdetarde.com\/wp-content\/uploads\/2025\/08\/image-175-1024x576.png\" alt=\"\" class=\"wp-image-220783\" srcset=\"https:\/\/corrientesdetarde.com\/wp-content\/uploads\/2025\/08\/image-175-1024x576.png 1024w, https:\/\/corrientesdetarde.com\/wp-content\/uploads\/2025\/08\/image-175-300x169.png 300w, https:\/\/corrientesdetarde.com\/wp-content\/uploads\/2025\/08\/image-175-768x432.png 768w, https:\/\/corrientesdetarde.com\/wp-content\/uploads\/2025\/08\/image-175.png 1200w\" sizes=\"auto, (max-width: 1024px) 100vw, 1024px\" \/><\/figure>\n\n\n\n<p>En medio de una disputa judicial que ya lleva varios meses, una madre oriunda de Clorinda, Formosa, lucha por recuperar la tenencia de su hijo de 5 a\u00f1os, luego de que una&nbsp;<strong>jueza de Corrientes<\/strong>&nbsp;decidiera que el menor deb\u00eda quedar a cargo del padre, sin haber realizado instancias clave como&nbsp;<strong>C\u00e1mara Gesell<\/strong>&nbsp;ni evaluaciones psicol\u00f3gicas completas a los progenitores.<\/p>\n\n\n\n<p>\u201c<strong>No se ha investigado el entorno familiar, no se escuch\u00f3 a mi hija. Le arrebataron a su hijo sin razones claras<\/strong>\u201d, afirm\u00f3 la madre de Nahiara.\u00a0 El caso, que comenz\u00f3 con una mudanza por amenazas y presiones del padre, ahora genera preocupaci\u00f3n por la forma en que intervino la Justicia de Corrientes.<\/p>\n\n\n\n<h2 class=\"wp-block-heading\">Una historia&nbsp;atravesada por el miedo y la manipulaci\u00f3n<\/h2>\n\n\n\n<p>Hace tres a\u00f1os, Nahiara se separ\u00f3 del padre de su hijo y se traslad\u00f3 a Clorinda. Seg\u00fan relata su madre,&nbsp;<strong>la decisi\u00f3n de mudarse fue impulsada por las amenazas del hombre<\/strong>, quien insist\u00eda con quitarle al menor bajo el argumento de que ella no ten\u00eda empleo ni propiedad a su nombre.<\/p>\n\n\n\n<p>\u201cLe dec\u00eda que si no iba a Corrientes, le iba a sacar a su hijo. Le prometi\u00f3 ayudarla econ\u00f3micamente si se mudaba para estar cerca del ni\u00f1o, pero eso nunca pas\u00f3\u201d, cont\u00f3 la abuela del menor.<\/p>\n\n\n\n<p>Tiempo despu\u00e9s, se firm\u00f3 un&nbsp;<strong>acuerdo de tenencia compartida<\/strong>, con el centro de vida del ni\u00f1o radicado junto a la madre. Sin embargo, la situaci\u00f3n se fue tornando cada vez m\u00e1s compleja:&nbsp;<strong>la ayuda econ\u00f3mica no alcanzaba<\/strong>&nbsp;y Nahiara, madre tambi\u00e9n de una beb\u00e9 de menos de un a\u00f1o, volvi\u00f3 a Corrientes intentando evitar conflictos judiciales.<\/p>\n\n\n\n<h2 class=\"wp-block-heading\">Una&nbsp;audiencia pol\u00e9mica y sin garant\u00edas<\/h2>\n\n\n\n<p>En mayo de este a\u00f1o, la joven fue citada a una audiencia en el&nbsp;<strong>Juzgado N\u00b03 de Corrientes<\/strong>, donde se esperaba que se realizara una evaluaci\u00f3n psicol\u00f3gica a ambas partes y al menor. Sin embargo, seg\u00fan la denuncia familiar,&nbsp;<strong>la audiencia solo fue una entrevista con la jueza Nora Alicia Infante<\/strong>, sin presencia de peritos ni profesionales especializados.<\/p>\n\n\n\n<p>\u201c<strong>Mi hija entr\u00f3 en crisis, llor\u00f3, le explic\u00f3 que hab\u00eda dejado su trabajo para evitar m\u00e1s problemas<\/strong>, y la jueza le dijo: \u2018Si te quer\u00e9s ir, andate, pero el nene se queda\u2019\u201d, narr\u00f3 la madre de Nahiara.<\/p>\n\n\n\n<p>Ese mismo d\u00eda, se decidi\u00f3 que el menor quedar\u00eda provisoriamente con el padre,&nbsp;<strong>sin una evaluaci\u00f3n formal del entorno de la madre ni intervenci\u00f3n de la c\u00e1mara Gesell<\/strong>&nbsp;para conocer la opini\u00f3n del ni\u00f1o.<\/p>\n\n\n\n<p>Poco despu\u00e9s, la beb\u00e9 de Nahiara enferm\u00f3 gravemente con un cuadro de neumon\u00eda e influenza B, lo que llev\u00f3 a la madre a&nbsp;<strong>internarse en el hospital Pedi\u00e1trico<\/strong>. En ese contexto, la familia pidi\u00f3 ayuda para retirar al ni\u00f1o del jard\u00edn.<\/p>\n\n\n\n<p>\u201c<strong>Mi hija actuaba con miedo, ten\u00eda p\u00e1nico de que la jueza pensara que no se ocupaba de su hijo<\/strong>. Todo el tiempo actu\u00f3 desde el temor\u201d, expres\u00f3 la abuela.<\/p>\n\n\n\n<p>Finalmente, tras el alta m\u00e9dica de la beb\u00e9,&nbsp;<strong>la madre volvi\u00f3 a Clorinda con el ni\u00f1o<\/strong>&nbsp;y dej\u00f3 constancia en la comisar\u00eda. El padre, al enterarse, solicit\u00f3 la&nbsp;<strong>restituci\u00f3n inmediata<\/strong>&nbsp;del menor a Corrientes, y la jueza orden\u00f3 que as\u00ed se hiciera, sin contemplar la situaci\u00f3n emocional ni m\u00e9dica del entorno materno.<\/p>\n\n\n\n<h2 class=\"wp-block-heading\">\u201cNo es un objeto, es un ni\u00f1o\u201d: la familia pide justicia<\/h2>\n\n\n\n<p>Hoy, la causa ya no est\u00e1 en manos de la jueza Infante ni de la asesora de menores original, luego de que la abogada de Corrientes solicitara su apartamiento por&nbsp;<strong>irregularidades en el proceso<\/strong>. Sin embargo, la familia sigue pidiendo que se declare&nbsp;<strong>la nulidad de la audiencia<\/strong>&nbsp;y que&nbsp;<strong>el Juzgado de Clorinda tome el caso<\/strong>.<\/p>\n\n\n\n<p>\u201cEl ni\u00f1o no pas\u00f3 por C\u00e1mara Gesell, no hubo pericias, no hay argumentos s\u00f3lidos para separar al ni\u00f1o de su madre.&nbsp;<strong>Queremos que se escuche a Nahiara, que se eval\u00fae todo el entorno.<\/strong>&nbsp;No puede ser que una jueza le diga \u2018arr\u00e9glense all\u00e1\u2019 como si fuera un mueble lo que est\u00e1 en disputa\u201d, afirm\u00f3 la abuela.<\/p>\n\n\n\n<p>El pedido principal de la familia es claro: que se investigue, que se respeten los derechos del ni\u00f1o y de su madre. \u201c<strong>Si creen que el menor est\u00e1 en riesgo, que lo prueben. Pero no se puede arrebatar a una madre su hijo sin fundamentos.<\/strong>\u201d<\/p>\n\n\n\n<p>Ante&nbsp;la circulaci\u00f3n del caso, la madre del ni\u00f1o aclar\u00f3 en sus redes sociales que actualmente&nbsp;\u201c<strong>Mi hijo est\u00e1 conmigo. S\u00ed, hay un pedido de restituci\u00f3n (ya incluso pedidos de allanamientos en casa de mis familiares), y justamente por eso estoy luchando, con todo el miedo e impotencia que eso genera, porque s\u00e9 que detr\u00e1s de ese pedido hay mucha injusticia.\u201d<\/strong><\/p>\n\n\n\n<p><strong>\u201cVivimos encerrados, con miedo. Con miedo a que me lo arrebaten.&nbsp;<\/strong>A que el sistema falle. A que el da\u00f1o avance m\u00e1s r\u00e1pido que la justicia. Mi hijo sigue a mi lado, y mi \u00fanica intenci\u00f3n es protegerlo, cuidarlo y que pueda vivir en paz, lejos del da\u00f1o. Gracias a todos los que me acompa\u00f1an. Su apoyo me sostiene y me da fuerzas para seguir adelante\u201d, sostuvo la joven.&nbsp;<\/p>\n","protected":false},"excerpt":{"rendered":"<p>En medio de una disputa judicial que ya lleva varios meses, una madre oriunda de Clorinda, Formosa, lucha por recuperar la tenencia de su hijo de 5 a\u00f1os, luego de&hellip; <\/p>\n","protected":false},"author":1,"featured_media":220783,"comment_status":"closed","ping_status":"open","sticky":false,"template":"","format":"standard","meta":{"footnotes":""},"categories":[17],"tags":[],"class_list":["post-220782","post","type-post","status-publish","format-standard","has-post-thumbnail","hentry","category-sociales"],"_links":{"self":[{"href":"https:\/\/corrientesdetarde.com\/index.php\/wp-json\/wp\/v2\/posts\/220782","targetHints":{"allow":["GET"]}}],"collection":[{"href":"https:\/\/corrientesdetarde.com\/index.php\/wp-json\/wp\/v2\/posts"}],"about":[{"href":"https:\/\/corrientesdetarde.com\/index.php\/wp-json\/wp\/v2\/types\/post"}],"author":[{"embeddable":true,"href":"https:\/\/corrientesdetarde.com\/index.php\/wp-json\/wp\/v2\/users\/1"}],"replies":[{"embeddable":true,"href":"https:\/\/corrientesdetarde.com\/index.php\/wp-json\/wp\/v2\/comments?post=220782"}],"version-history":[{"count":2,"href":"https:\/\/corrientesdetarde.com\/index.php\/wp-json\/wp\/v2\/posts\/220782\/revisions"}],"predecessor-version":[{"id":220785,"href":"https:\/\/corrientesdetarde.com\/index.php\/wp-json\/wp\/v2\/posts\/220782\/revisions\/220785"}],"wp:featuredmedia":[{"embeddable":true,"href":"https:\/\/corrientesdetarde.com\/index.php\/wp-json\/wp\/v2\/media\/220783"}],"wp:attachment":[{"href":"https:\/\/corrientesdetarde.com\/index.php\/wp-json\/wp\/v2\/media?parent=220782"}],"wp:term":[{"taxonomy":"category","embeddable":true,"href":"https:\/\/corrientesdetarde.com\/index.php\/wp-json\/wp\/v2\/categories?post=220782"},{"taxonomy":"post_tag","embeddable":true,"href":"https:\/\/corrientesdetarde.com\/index.php\/wp-json\/wp\/v2\/tags?post=220782"}],"curies":[{"name":"wp","href":"https:\/\/api.w.org\/{rel}","templated":true}]}}