{"id":220791,"date":"2025-08-06T08:48:34","date_gmt":"2025-08-06T11:48:34","guid":{"rendered":"https:\/\/corrientesdetarde.com\/?p=220791"},"modified":"2025-08-06T08:48:36","modified_gmt":"2025-08-06T11:48:36","slug":"un-medico-fue-demorado-tras-amenazar-a-un-motociclista","status":"publish","type":"post","link":"https:\/\/corrientesdetarde.com\/index.php\/policiales\/un-medico-fue-demorado-tras-amenazar-a-un-motociclista\/","title":{"rendered":"un m\u00e9dico fue demorado tras amenazar a un motociclista"},"content":{"rendered":"\n<p>La Polic\u00eda demor\u00f3 a un m\u00e9dico, ayer en la capital provincial, como presunto autor de amenazas con arma de fuego en contra de un motociclista, quien a su vez lo habr\u00eda intimidado con una cadena durante una discusi\u00f3n de tr\u00e1nsito.<\/p>\n\n\n\n<p>El incidente ocurri\u00f3 poco despu\u00e9s del mediod\u00eda en la intersecci\u00f3n de avenidas Patagonia y Sarmiento, a escasos metros del anfiteatro Mario del Tr\u00e1nsito Cocomarola.<\/p>\n\n\n\n<p>De acuerdo a datos suministrados por fuentes oficiales, indican que ocurri\u00f3 un episodio en el que dos conductores cruzaban palabras subidas de tono en relaci\u00f3n a una presunta mala maniobra endilgada a uno de ellos.<\/p>\n\n\n\n<p>En este contexto, una patrulla con efectivos del Grupo de Respuesta Inmediata Motorizada 2 (GRIM 2), quienes estaban en la cercan\u00eda participando de un operativo de prevenci\u00f3n conjunto, intercedi\u00f3 en la pelea verbal que manten\u00edan los dos conductores.<\/p>\n\n\n\n<p>Por un lado demoraron al profesional de salud sindicado como supuesto responsable de las amenazas con una pistola Pietro Beretta calibre .22., la cual estaba cargada con cinco municiones.<\/p>\n\n\n\n<p>La otra parte era el ocupante de una moto, quien se enfrentaba al m\u00e9dico de 67 a\u00f1os y empu\u00f1aba una cadena con candado que us\u00f3 para intimidarlo.<\/p>\n\n\n\n<p>&#8220;Al parecer se trat\u00f3 de una pelea, una discusi\u00f3n por una cuesti\u00f3n de tr\u00e1nsito que subi\u00f3 de tono y por poco no lleg\u00f3 a las agresiones f\u00edsicas&#8221;, precisaron las fuentes policiales consultadas por este medio.<\/p>\n\n\n\n<p>Varios transe\u00fantes como otros conductores que pasaban ocasionalmente observaron parte de la escena.<\/p>\n\n\n\n<figure class=\"wp-block-image\"><img decoding=\"async\" src=\"https:\/\/www.diarioepoca.com\/content\/bucket\/5\/1442235w380h340c.jpg.webp\" alt=\"\"\/><figcaption class=\"wp-element-caption\">MOTOCICLETA INCAUTADA POR EFECTIVOS DEL GRIM.<\/figcaption><\/figure>\n\n\n\n<p>Con el labrado respectivo de las actas los integrantes del GRIM 2 dejaron constancia del procedimiento oportuno.<\/p>\n\n\n\n<p>Debido a una raz\u00f3n de jurisdicci\u00f3n, las dos personas involucradas en el episodio fueron trasladas hasta la sede de comisar\u00eda seccional S\u00e9ptima.<\/p>\n\n\n\n<p>El accionar policial para desbaratar el problema callejero ocurri\u00f3 en contexto de un amplio operativo integral del cual participaban numerosos efectivos en jurisdicci\u00f3n de la seccional S\u00e9ptima.<\/p>\n\n\n\n<figure class=\"wp-block-image\"><img decoding=\"async\" src=\"https:\/\/www.diarioepoca.com\/content\/bucket\/6\/1442236w380h338c.jpg.webp\" alt=\"\"\/><figcaption class=\"wp-element-caption\">EL M\u00c9DICO ESTUVO DEMORADO EN LA S\u00c9PTIMA.<\/figcaption><\/figure>\n\n\n\n<p>En este sentido, informaron la demora de 20 personas, adem\u00e1s del secuestro de 20 motocicletas y un autom\u00f3vil.<\/p>\n\n\n\n<p>La movilizaci\u00f3n cont\u00f3 con la presencia de polic\u00edas de los distintos GRIM, Grupo de Intervenci\u00f3n R\u00e1pida, Comando y comisar\u00edas m\u00e1s cercanas.<\/p>\n","protected":false},"excerpt":{"rendered":"<p>La Polic\u00eda demor\u00f3 a un m\u00e9dico, ayer en la capital provincial, como presunto autor de amenazas con arma de fuego en contra de un motociclista, quien a su vez lo&hellip; <\/p>\n","protected":false},"author":1,"featured_media":220796,"comment_status":"closed","ping_status":"open","sticky":false,"template":"","format":"standard","meta":{"footnotes":""},"categories":[33],"tags":[],"class_list":["post-220791","post","type-post","status-publish","format-standard","has-post-thumbnail","hentry","category-policiales"],"_links":{"self":[{"href":"https:\/\/corrientesdetarde.com\/index.php\/wp-json\/wp\/v2\/posts\/220791","targetHints":{"allow":["GET"]}}],"collection":[{"href":"https:\/\/corrientesdetarde.com\/index.php\/wp-json\/wp\/v2\/posts"}],"about":[{"href":"https:\/\/corrientesdetarde.com\/index.php\/wp-json\/wp\/v2\/types\/post"}],"author":[{"embeddable":true,"href":"https:\/\/corrientesdetarde.com\/index.php\/wp-json\/wp\/v2\/users\/1"}],"replies":[{"embeddable":true,"href":"https:\/\/corrientesdetarde.com\/index.php\/wp-json\/wp\/v2\/comments?post=220791"}],"version-history":[{"count":1,"href":"https:\/\/corrientesdetarde.com\/index.php\/wp-json\/wp\/v2\/posts\/220791\/revisions"}],"predecessor-version":[{"id":220797,"href":"https:\/\/corrientesdetarde.com\/index.php\/wp-json\/wp\/v2\/posts\/220791\/revisions\/220797"}],"wp:featuredmedia":[{"embeddable":true,"href":"https:\/\/corrientesdetarde.com\/index.php\/wp-json\/wp\/v2\/media\/220796"}],"wp:attachment":[{"href":"https:\/\/corrientesdetarde.com\/index.php\/wp-json\/wp\/v2\/media?parent=220791"}],"wp:term":[{"taxonomy":"category","embeddable":true,"href":"https:\/\/corrientesdetarde.com\/index.php\/wp-json\/wp\/v2\/categories?post=220791"},{"taxonomy":"post_tag","embeddable":true,"href":"https:\/\/corrientesdetarde.com\/index.php\/wp-json\/wp\/v2\/tags?post=220791"}],"curies":[{"name":"wp","href":"https:\/\/api.w.org\/{rel}","templated":true}]}}