{"id":220792,"date":"2025-08-06T08:47:28","date_gmt":"2025-08-06T11:47:28","guid":{"rendered":"https:\/\/corrientesdetarde.com\/?p=220792"},"modified":"2025-08-06T08:47:47","modified_gmt":"2025-08-06T11:47:47","slug":"vamos-corrientes-realizo-caminata-por-capital-y-ahora-va-al-interior","status":"publish","type":"post","link":"https:\/\/corrientesdetarde.com\/index.php\/sociales\/vamos-corrientes-realizo-caminata-por-capital-y-ahora-va-al-interior\/","title":{"rendered":"Vamos Corrientes realiz\u00f3 caminata por Capital y ahora va al interior"},"content":{"rendered":"\n<p>A 25 d\u00edas de las elecciones, se intensifican las actividades de campa\u00f1a del frente oficialista Vamos Corrientes. Como en las \u00faltimas dos semanas, ayer realizaron una masiva y colorida caminata por la ciudad de Corrientes con los principales candidatos y una importante cantidad de entusiastas militantes.<\/p>\n\n\n\n<p>En este caso, estuvieron en el barrio Juan de Vera, en donde hablaron con los vecinos los candidatos Juan Pablo Vald\u00e9s, Pedro Braillard Poccard, Gustavo Vald\u00e9s, Claudio Polich, Ariel B\u00e1ez, Eduardo Tassano y otros del frente gobernante, destacando el trabajo en equipo realizado entre Provincia y Municipio en pos de lograr infraestructura barrial.<\/p>\n\n\n\n<p>El candidato a gobernador Juan Pablo Vald\u00e9s se\u00f1al\u00f3 en la oportunidad que &#8220;la gente nos pide que as\u00ed como lleg\u00f3 el asfalto y la iluminaci\u00f3n a este barrio, que continuemos trabajando en los dem\u00e1s barrios y m\u00e1s seguridad, tomamos nota de todo eso y vamos mejorando nuestra propuesta a partir de la problem\u00e1tica que nos plantea la gente&#8221;. Y agreg\u00f3 que &#8220;hay desag\u00fces que todav\u00eda falta hacer en la ciudad y nosotros vamos a ocuparnos de eso&#8221;.<\/p>\n\n\n\n<p>&#8220;Sin dudas, Gustavo Vald\u00e9s y Eduardo Tassano hicieron mucho, pero queda m\u00e1s por hacer, por eso yo vengo hablando con Claudio Polich sobre esta meta que nos pusimos de hacer m\u00e1s de 2.000 cuadras de asfalto, arrancando desde el primer d\u00eda para seguir transformando una realidad muy distinta a la que encontraron Gustavo y Eduardo en 2017&#8221;, acentu\u00f3.<\/p>\n\n\n\n<p>&#8220;Sobre el tema seguridad, venimos hablando con los vecinos, y nos comprometemos a pasar en cuatro a\u00f1os de 9.500 a 15.000 efectivos, siempre bien equipados, pero tambi\u00e9n d\u00e1ndoles m\u00e1s herramientas legales para avanzar sobre el delito, particularmente para poder actuar sobre el narcomenudeo&#8221;, se\u00f1al\u00f3 Juan Pablo.<\/p>\n\n\n\n<p>Adem\u00e1s, indic\u00f3 que &#8220;vamos a trabajar de manera integral, porque vamos a asegurar los espacios para poder tratar las adicciones, que los j\u00f3venes puedan rehabilitarse y salir adelante, con el Estado apoy\u00e1ndolos&#8221;, dijo.<\/p>\n\n\n\n<h2 class=\"wp-block-heading\">Actos por el interior<\/h2>\n\n\n\n<p>La agenda de campa\u00f1a de Vamos Corrientes continuar\u00e1 hoy en la localidad de Santa Luc\u00eda, a partir de las 20, en las instalaciones del club Sportivo Santa Luc\u00eda, donde se apoyar\u00e1 a la f\u00f3rmula para la Intendencia local: Fabricio Vargas-Jos\u00e9 &#8220;Tata&#8221; Sananez.<\/p>\n\n\n\n<p>Luego, abarcando ya la zona centro sur, el jueves a las 19 realizar\u00e1 en la comuna de Perugorr\u00eda un acto con candidatos, en el club Social y Deportivo Perugorr\u00eda, en apoyo a la f\u00f3rmula local: Ubaldo Leiva-Tina Castellanos.<\/p>\n\n\n\n<p>Finalmente, la jornada concluir\u00e1 con un segundo acto, a partir de las 21 en Curuz\u00fa Cuati\u00e1, en el club Belgrano. Apoyar\u00e1n a los candidatos locales Ver\u00f3nica Esp\u00edndola y &#8220;Titi&#8221; G\u00fcenaga.<\/p>\n\n\n\n<h2 class=\"wp-block-heading\">Vignolo: &#8220;Juan Pablo Vald\u00e9s tuvo un sprint inicial muy importante&#8221;<\/h2>\n\n\n<div class=\"wp-block-image\">\n<figure class=\"alignleft\"><img decoding=\"async\" src=\"https:\/\/www.diarioepoca.com\/content\/bucket\/3\/1442253w380h236c.jpg.webp\" alt=\"\"\/><\/figure>\n<\/div>\n\n\n<p>El ministro secretario General de la Gobernaci\u00f3n y referente radical de la alianza Vamos Corrientes, Carlos Vignolo, se\u00f1al\u00f3 que el candidato a gobernador Juan Pablo Vald\u00e9s &#8220;logr\u00f3 instalarse r\u00e1pidamente y ha evolucionado muy bien&#8221;. Y &#8220;estamos contento, porque ha tenido un sprint inicial muy importante&#8221;, valor\u00f3.<\/p>\n\n\n\n<p>Tambi\u00e9n opin\u00f3 sobre el Gobierno nacional y aclar\u00f3: &#8220;Acompa\u00f1amos el equilibrio fiscal, pero no debe dejarse de lado la sensibilidad social&#8221;.<\/p>\n\n\n\n<h2 class=\"wp-block-heading\">El desarrollo y gesti\u00f3n social en Capital, ejes de an\u00e1lisis en la alianza<\/h2>\n\n\n<div class=\"wp-block-image\">\n<figure class=\"alignright\"><img decoding=\"async\" src=\"https:\/\/www.diarioepoca.com\/content\/bucket\/4\/1442254w380h236c.jpg.webp\" alt=\"\"\/><\/figure>\n<\/div>\n\n\n<p>Los candidatos a gobernador Juan Pablo Vald\u00e9s y a intendente de la ciudad de Corrientes, Claudio Polich, por la alianza Vamos Corrientes, mantuvieron una reuni\u00f3n con el ministro de Desarrollo Social de la provincia, Ad\u00e1n Gaya, y sus equipos de trabajo.<\/p>\n\n\n\n<p>El objetivo de este masivo encuentro fue el de avanzar sobre pol\u00edticas p\u00fablicas que permitan acompa\u00f1ar y fortalecer a los sectores m\u00e1s vulnerables de Capital.<\/p>\n\n\n\n<p>&#8220;Durante el encuentro se intercambiaron ideas y experiencias sobre los programas que hoy se implementan en Corrientes y la necesidad de articular esfuerzos para construir una ciudad m\u00e1s integrada, solidaria y con igualdad de oportunidades&#8221;, informaron desde la alianza oficialista.<\/p>\n\n\n\n<p>&#8220;Este encuentro, reafirma los valores de la alianza, que sostienen como eje central brindar continuidad a las pol\u00edticas con mirada humana que garantizan el bienestar de todos los correntinos&#8221;, destacaron en Vamos Corrientes.<\/p>\n\n\n\n<p>&#8220;Desde Corrientes se va a acompa\u00f1ar en aquello que est\u00e1 bien. Pero, dej\u00f3 en claro que no se debe perder la sensibilidad. No nos consideramos opositores destructivos&#8221;, subray\u00f3 en declaraciones.<\/p>\n\n\n\n<p>Respecto a la campa\u00f1a electoral, Vignolo asegur\u00f3 que desde Vamos Corrientes &#8220;nos propusimos hacer una activa, con propuestas, y no prendernos al barrio como se propone porque eso no conduce a nada&#8221;, dijo respecto de las cr\u00edticas duras y directas que reciben de sectores opositores.<\/p>\n","protected":false},"excerpt":{"rendered":"<p>A 25 d\u00edas de las elecciones, se intensifican las actividades de campa\u00f1a del frente oficialista Vamos Corrientes. Como en las \u00faltimas dos semanas, ayer realizaron una masiva y colorida caminata&hellip; <\/p>\n","protected":false},"author":1,"featured_media":220793,"comment_status":"closed","ping_status":"open","sticky":false,"template":"","format":"standard","meta":{"footnotes":""},"categories":[17],"tags":[],"class_list":["post-220792","post","type-post","status-publish","format-standard","has-post-thumbnail","hentry","category-sociales"],"_links":{"self":[{"href":"https:\/\/corrientesdetarde.com\/index.php\/wp-json\/wp\/v2\/posts\/220792","targetHints":{"allow":["GET"]}}],"collection":[{"href":"https:\/\/corrientesdetarde.com\/index.php\/wp-json\/wp\/v2\/posts"}],"about":[{"href":"https:\/\/corrientesdetarde.com\/index.php\/wp-json\/wp\/v2\/types\/post"}],"author":[{"embeddable":true,"href":"https:\/\/corrientesdetarde.com\/index.php\/wp-json\/wp\/v2\/users\/1"}],"replies":[{"embeddable":true,"href":"https:\/\/corrientesdetarde.com\/index.php\/wp-json\/wp\/v2\/comments?post=220792"}],"version-history":[{"count":2,"href":"https:\/\/corrientesdetarde.com\/index.php\/wp-json\/wp\/v2\/posts\/220792\/revisions"}],"predecessor-version":[{"id":220795,"href":"https:\/\/corrientesdetarde.com\/index.php\/wp-json\/wp\/v2\/posts\/220792\/revisions\/220795"}],"wp:featuredmedia":[{"embeddable":true,"href":"https:\/\/corrientesdetarde.com\/index.php\/wp-json\/wp\/v2\/media\/220793"}],"wp:attachment":[{"href":"https:\/\/corrientesdetarde.com\/index.php\/wp-json\/wp\/v2\/media?parent=220792"}],"wp:term":[{"taxonomy":"category","embeddable":true,"href":"https:\/\/corrientesdetarde.com\/index.php\/wp-json\/wp\/v2\/categories?post=220792"},{"taxonomy":"post_tag","embeddable":true,"href":"https:\/\/corrientesdetarde.com\/index.php\/wp-json\/wp\/v2\/tags?post=220792"}],"curies":[{"name":"wp","href":"https:\/\/api.w.org\/{rel}","templated":true}]}}