{"id":220799,"date":"2025-08-06T10:17:05","date_gmt":"2025-08-06T13:17:05","guid":{"rendered":"https:\/\/corrientesdetarde.com\/?p=220799"},"modified":"2025-08-06T10:17:36","modified_gmt":"2025-08-06T13:17:36","slug":"este-fin-de-semana-bella-vista-recibira-al-3er-congreso-ecoturistico-del-litoral","status":"publish","type":"post","link":"https:\/\/corrientesdetarde.com\/index.php\/espectaculos\/este-fin-de-semana-bella-vista-recibira-al-3er-congreso-ecoturistico-del-litoral\/","title":{"rendered":"Este fin de semana Bella Vista recibir\u00e1 al 3er congreso Ecotur\u00edstico del Litoral"},"content":{"rendered":"\n<p>Este pr\u00f3ximo s\u00e1bado 9 de agosto en el Complejo Polideportivo \u201cJulio Cesar Cassani\u201d tendr\u00e1 lugar este congreso que tiene como objetivo fomentar el intercambio de conocimientos, experiencias y buenas pr\u00e1cticas entre actores del ecoturismo y del turismo regenerativo a nivel local, nacional e internacional.<\/p>\n\n\n\n<p><\/p>\n\n\n\n<p>En este marco se contar\u00e1 con la presencia de la Ministra de Turismo Ing. Alejandra Eliciri; el Senador Provincial Sergio Flinta; el Subsecretario de Turismo David Zajarevich, el Subsecretario de promoci\u00f3n e inversi\u00f3n tur\u00edstica Augusto Costaguta; el Subscretario de coordinaci\u00f3n regional y grandes eventos, Oscar Macias; la Directora de Turismo de la Provincia Mercedes Alegre y la Intendente de Bella Vista Noelia Bazz, entre otros.<\/p>\n\n\n\n<p>Por lo tanto, vale desatacar que este congreso cuenta con un programa preliminar que comenzar\u00e1 a las 07:00 hs con las acreditaciones y a partir de las 08:30 hs con las presentaciones.<\/p>\n\n\n\n<figure class=\"wp-block-image size-full\"><img loading=\"lazy\" decoding=\"async\" width=\"648\" height=\"414\" src=\"https:\/\/corrientesdetarde.com\/wp-content\/uploads\/2025\/08\/image-186.png\" alt=\"\" class=\"wp-image-220812\" srcset=\"https:\/\/corrientesdetarde.com\/wp-content\/uploads\/2025\/08\/image-186.png 648w, https:\/\/corrientesdetarde.com\/wp-content\/uploads\/2025\/08\/image-186-300x192.png 300w\" sizes=\"auto, (max-width: 648px) 100vw, 648px\" \/><\/figure>\n\n\n\n<p><strong>Programa preliminar<\/strong><\/p>\n\n\n\n<p><strong>08:30- Presentaci\u00f3n<\/strong>: \u201cTurismo Regenerativo: el impacto en los territorios\u201d Mgter. Pedro<\/p>\n\n\n\n<p>Smith. Director Ejecutivo Sue\u00f1o Andino -Chile. Modera. Ministra de Turismo de la Provincia de<\/p>\n\n\n\n<p>Corrientes. Ing. Alejandra Eliciri.<\/p>\n\n\n\n<p><strong>09:10- Presentacion<\/strong>: Turismo y Conservaci\u00f3n. Plan de desarrollo de la Reserva Natural Isoro.<\/p>\n\n\n\n<p>Provincia de Corrientes. Lic. Ignacio Osella.<\/p>\n\n\n\n<p><strong>9:30 &#8211; Presentaci\u00f3n<\/strong>: Plan Iber\u00e1 Gesti\u00f3n de un Destino Inteligente -Comit\u00e9 Iber\u00e1. Coordinador<\/p>\n\n\n\n<p>del Comit\u00e9 Iber\u00e1. Dr. Sergio Flinta.<\/p>\n\n\n\n<p><strong>10:10 \u2013Panel Regi\u00f3n Litoral<\/strong>-Programa \u201cRuta de las Aves de Misiones\u201d. Subsecretaria de<\/p>\n\n\n\n<p>Ecoturismo. Lic. Liza Carlzon; Parque Nacional Impenetrable. Natalia Correa; De la Conservaci\u00f3n<\/p>\n\n\n\n<p>al Desarrollo: \u201cEl Modelo Ecotur\u00edstico de Villa Ocampo Coraz\u00f3n del Jaaukanig\u00e1s\u201d &#8211; Marianela<\/p>\n\n\n\n<p>Machuca. Santa Fe<\/p>\n\n\n\n<p>10:50- CAF\u00c9<\/p>\n\n\n\n<p><strong>11:10- Panel de Experiencias<\/strong>: Desarrollo de oferta local, basado en pol\u00edticas de Estado: Isla<\/p>\n\n\n\n<p>de las Damas (Goya) Lic. Sebasti\u00e1n Candia; Reserva Municipal Santa Catalina (Corrientes) Abg.<\/p>\n\n\n\n<p>Hugo Calvano; Entre Humedales. Mercedes Cristaldo &#8211; Gladys \u00c1lvarez. (Loreto)<\/p>\n\n\n\n<p><strong>11:40- Presentaci\u00f3n<\/strong>: Anfitriones de Experiencias Significativas. Presentaci\u00f3n Virtual. Prof.<\/p>\n\n\n\n<p>Alexa Pauls -UMA. M\u00e9xico.<\/p>\n\n\n\n<p><strong>12:00-Presentaci\u00f3n:<\/strong>&nbsp;Establecimiento Las Mar\u00edas: \u201cIndustria, Comunidad y Naturaleza\u201d. Lic.<\/p>\n\n\n\n<p>Fernanda \u00c1lvarez.<\/p>\n\n\n\n<p><strong>12:15: Panel de experiencia<\/strong>: Desarrollo de la oferta basado en asistencias t\u00e9cnicas y nuevas<\/p>\n\n\n\n<p>tendencias de la demanda: Senderos del Paran\u00e1: Prof. Amalia Cerd\u00e1n (Ituzaing\u00f3); Astroturismo<\/p>\n\n\n\n<p>en Iber\u00e1: Gisela Ortiz Rivero (San Miguel) Sobre ruedas: Prof. TT.C\u00e9sar Perrotta<\/p>\n\n\n\n<p>12:40: Almuerzo Libre<\/p>\n\n\n\n<p><strong>13:10: Presentaciones<\/strong>: Galer\u00eda Colectiva de Experiencias.<\/p>\n\n\n\n<p>? Encuentro con Aves. Abel Fleitas.<\/p>\n\n\n\n<p>? Chamam\u00e9 con Conciencia Ambiental \u2013 M\u00fasica para la Conservaci\u00f3n del Patrimonio Iber\u00e1<\/p>\n\n\n\n<p>Diana Frete.<\/p>\n\n\n\n<p>? El Sabor del Cielo en Iber\u00e1- Sotelo Miguel &#8211; Lezcano Sandra.<\/p>\n\n\n\n<p>? \u201cIber\u00e1 Libre\u201d &#8211; \u00c1ngel P\u00e9rez Slanac.<\/p>\n\n\n\n<p>? Corredor Tur\u00edstico Ruta Provincial N\u00b0 5 &#8211; Pablo Gim\u00e9nez.<\/p>\n\n\n\n<p>? Herramientas de Conservaci\u00f3n y Desarrollo Local. Club de Naturaleza. Lic. Agustina<\/p>\n\n\n\n<p>Vera.<\/p>\n\n\n\n<p>14:00- presentaci\u00f3n: \u201cTransformando o Turismo para um futuro regenerativo\u201d. Mgter.<\/p>\n\n\n\n<p>Luciana De Lamare. Instituto Aupaba. Brasil.<\/p>\n\n\n\n<p><strong>14:30-Panel de experiencias<\/strong>: Revalorizaci\u00f3n del acervo y patrimonio cultural: Circuito<\/p>\n\n\n\n<p>gastron\u00f3mico Tembiu\u00b4heva. Lic. Ma. Amelia Ram\u00edrez (Ituzaing\u00f3). Circuito Hist\u00f3rico \u201cExperiencia<\/p>\n\n\n\n<p>Yapey\u00fa- Viv\u00ed Yapey\u00fa\u201d Yesica P\u00e9rez. Senderismo Toropi , City Tour y Bicy Tour \u2013 TT. Freddy Feyen<\/p>\n\n\n\n<p>(Bella Vista).<\/p>\n\n\n\n<p><strong>15:00-Presentaci\u00f3n<\/strong>: \u201cIber\u00e1, Coraz\u00f3n del Corredor de Naturaleza\u201d. Fundaci\u00f3n Rewilding<\/p>\n\n\n\n<p>Argentina. Lic. Marisi L\u00f3pez.<\/p>\n\n\n\n<p><strong>15:25 \u2013 Panel de Experiencias<\/strong>: Aportes a la Gesti\u00f3n Tur\u00edstica- Cultural desde la educaci\u00f3n en<\/p>\n\n\n\n<p>tiempos actuales. &#8211; \u201cPol\u00edtica institucional, museos y desarrollo de turismo cultural\u201d &#8211; Mgter.<\/p>\n\n\n\n<p>Mar\u00eda N\u00fa\u00f1ez Camelino. Propuesta \u201cComplejo tur\u00edstico Nayic en Campo del Cielo\u201d. Lic. Marianela<\/p>\n\n\n\n<p>Pereyra Coutinho. \u201cQue las aguas sigan brillando en el Iber\u00e1: m\u00e1s que una expresi\u00f3n de deseo\u201d.<\/p>\n\n\n\n<p>Lic. Alicia Rodr\u00edguez.<\/p>\n\n\n\n<p><strong>15:55 \u2013 Presentaci\u00f3n:<\/strong>&nbsp;Programa Best Tourism Villages en Argentina: \u201cUna mirada estrat\u00e9gica<\/p>\n\n\n\n<p>para la jerarquizaci\u00f3n de pueblos tur\u00edsticos en entornos rurales&#8221;. Secretaria de Turismo de la<\/p>\n\n\n\n<p>Naci\u00f3n &#8211; Lic. Rodrigo B\u00e1ez- Lic. Sol Fantin y Lic. Maly Casares- Secretaria de Turismo. Municipio<\/p>\n\n\n\n<p>Colonia Carlos Pellegrini.<\/p>\n\n\n\n<p><strong>16:20 &#8211; Presentaci\u00f3n<\/strong>: Propuesta Ecoturismo Municipal en Bella Vista. Ing. Gast\u00f3n Carca\u00f1o &#8211;<\/p>\n\n\n\n<p>Ing. Hugo Toninas. Torop\u00ed. \u201cExperiencias Educativas, Culturales y Tur\u00edsticas en el Patrimonio<\/p>\n\n\n\n<p>Paleontol\u00f3gico de Bella Vista\u201d. TT. Natalio Areco. Secretaria de turismo Bella Vista.<\/p>\n\n\n\n<p><strong>16:40 &#8211; Presentaci\u00f3n<\/strong>. \u201cDesarrollo Local Inclusivo y Sostenible en Iber\u00e1\u201d. Fundaci\u00f3n Yetap\u00e1.<\/p>\n\n\n\n<p>Dra. Cecilia Accattoli.<\/p>\n\n\n\n<p><strong>17:00 Panel de experiencias<\/strong>: Desde la gesti\u00f3n privada a la oferta local basada en la<\/p>\n\n\n\n<p>sostenibilidad. \u201cTurismo que deja Ra\u00edces\u201d TT. Alejandra Boloqui- \u201cEcoturismo en Reserva<\/p>\n\n\n\n<p>Naturales Privadas Argentinas\u201d Lic Estrella Losada \u2013 \u201cPuesto Yohaza\u201d Patricia Haynes.<\/p>\n\n\n\n<p><strong>17:30- Panel de Experiencias<\/strong>: Cocineros y Artesanos de Iber\u00e1. Coordinadora Red de<\/p>\n\n\n\n<p>Cocineros de Iber\u00e1. Gisela Medina y Coordinadora de Artesanos de Ibera. Hada Irastorza.<\/p>\n\n\n\n<p>18:10-&nbsp; Panel de Experiencias: \u201cDesde la gesti\u00f3n p\u00fablica con la sostenibilidad ambiental como<\/p>\n\n\n\n<p>forma de vida\u201d Guardaparques: Mariana Richarte, Mariana Fraga, TT Walter Drews. Direcci\u00f3n<\/p>\n\n\n\n<p>de Parques y Reservas de la Provincia. Centro de Conservaci\u00f3n Aguar\u00e1: Gpque Catalina Mancedo<\/p>\n\n\n\n<p>(Corrientes). Reserva Tajy poty: Ricardo Palacios (Santo Tom\u00e9).<\/p>\n\n\n\n<p><strong>18:50-Presentaci\u00f3n:<\/strong>&nbsp;\u201cUna oportunidad para el desarrollo del ecoturismo\u201d Emprendedores<\/p>\n\n\n\n<p>somos Todos. Dra. Lourdes D\u2019 Arrigo. Coordinadora del Programa.<\/p>\n\n\n\n<p><strong>19:00 Panel de experiencias&nbsp;<\/strong>: Patrimonio cultural, uso racional y sostenibilidad: \u201cEl uso del<\/p>\n\n\n\n<p>t\u00edtere como herramienta dinamizadora cultural y econ\u00f3mica del turismo local\u201d Prof. Martin<\/p>\n\n\n\n<p>Iturrioz. El sello Correntino de Calidad Tur\u00edstica y su aplicaci\u00f3n a la experiencia en un Centro de<\/p>\n\n\n\n<p>Interpretaci\u00f3n. Lic. Roxana Acosta Falc\u00f3n. Casa Ibera. \u201cViajes con Prop\u00f3sito\u201d Mario Martins.<\/p>\n\n\n\n<p>Portal Laguna Ibera.<\/p>\n\n\n\n<p><strong>19:30 Panel de experiencias<\/strong>&nbsp;&#8211; \u201cConstruyendo un Turismo Sustentable en Corrientes: Gesti\u00f3n<\/p>\n\n\n\n<p>Local con Perspectiva de Futuro\u201d. Secretaria de Calidad Corrientes Capital. Lic. Juan Pedro<\/p>\n\n\n\n<p>Picasso. \u201cRedes que conectan naturaleza, el poder de la comunicaci\u00f3n digital en el ecoturismo<\/p>\n\n\n\n<p>del Litoral\u201d. TT Nicol\u00e1s Duarte. \u201cSendero de Mantilla\u201d Roque Ib\u00e1\u00f1ez. \u201cTurismo y Deporte:<\/p>\n\n\n\n<p>Cambyreta Trail Running\u201d. Lic. Liliana Solis.(Ituzaing\u00f3)<\/p>\n\n\n\n<p><strong>20:10- cierre y conclusiones &#8211; feria gastron\u00f3mica \u2013 noche libre- cierre jornada<\/strong><\/p>\n","protected":false},"excerpt":{"rendered":"<p>Este pr\u00f3ximo s\u00e1bado 9 de agosto en el Complejo Polideportivo \u201cJulio Cesar Cassani\u201d tendr\u00e1 lugar este congreso que tiene como objetivo fomentar el intercambio de conocimientos, experiencias y buenas pr\u00e1cticas&hellip; <\/p>\n","protected":false},"author":1,"featured_media":220811,"comment_status":"closed","ping_status":"open","sticky":false,"template":"","format":"standard","meta":{"footnotes":""},"categories":[19],"tags":[],"class_list":["post-220799","post","type-post","status-publish","format-standard","has-post-thumbnail","hentry","category-espectaculos"],"_links":{"self":[{"href":"https:\/\/corrientesdetarde.com\/index.php\/wp-json\/wp\/v2\/posts\/220799","targetHints":{"allow":["GET"]}}],"collection":[{"href":"https:\/\/corrientesdetarde.com\/index.php\/wp-json\/wp\/v2\/posts"}],"about":[{"href":"https:\/\/corrientesdetarde.com\/index.php\/wp-json\/wp\/v2\/types\/post"}],"author":[{"embeddable":true,"href":"https:\/\/corrientesdetarde.com\/index.php\/wp-json\/wp\/v2\/users\/1"}],"replies":[{"embeddable":true,"href":"https:\/\/corrientesdetarde.com\/index.php\/wp-json\/wp\/v2\/comments?post=220799"}],"version-history":[{"count":1,"href":"https:\/\/corrientesdetarde.com\/index.php\/wp-json\/wp\/v2\/posts\/220799\/revisions"}],"predecessor-version":[{"id":220817,"href":"https:\/\/corrientesdetarde.com\/index.php\/wp-json\/wp\/v2\/posts\/220799\/revisions\/220817"}],"wp:featuredmedia":[{"embeddable":true,"href":"https:\/\/corrientesdetarde.com\/index.php\/wp-json\/wp\/v2\/media\/220811"}],"wp:attachment":[{"href":"https:\/\/corrientesdetarde.com\/index.php\/wp-json\/wp\/v2\/media?parent=220799"}],"wp:term":[{"taxonomy":"category","embeddable":true,"href":"https:\/\/corrientesdetarde.com\/index.php\/wp-json\/wp\/v2\/categories?post=220799"},{"taxonomy":"post_tag","embeddable":true,"href":"https:\/\/corrientesdetarde.com\/index.php\/wp-json\/wp\/v2\/tags?post=220799"}],"curies":[{"name":"wp","href":"https:\/\/api.w.org\/{rel}","templated":true}]}}