{"id":220800,"date":"2025-08-06T10:12:48","date_gmt":"2025-08-06T13:12:48","guid":{"rendered":"https:\/\/corrientesdetarde.com\/?p=220800"},"modified":"2025-08-06T10:13:16","modified_gmt":"2025-08-06T13:13:16","slug":"se-realizara-la-fiesta-de-la-decada","status":"publish","type":"post","link":"https:\/\/corrientesdetarde.com\/index.php\/eventos\/se-realizara-la-fiesta-de-la-decada\/","title":{"rendered":"Se realizar\u00e1 la \u201cFiesta de la D\u00e9cada\u201d"},"content":{"rendered":"\n<p>El Ministerio de Desarrollo Social, a trav\u00e9s del \u00e1rea de Adultos Mayores, llevar\u00e1&nbsp;a cabo este jueves 7 de agosto, un cl\u00e1sico bailable para nuestros adultos mayores denominado la \u201cFiesta de la D\u00e9cada\u201d. La misma se realizar\u00e1 de 15 a 18.<\/p>\n\n\n\n<p>El evento, se llevar\u00e1 a cabo en la Asociaci\u00f3n Paraguaya, sita en \u00a0Avenida Armenia 2927, en Capital, donde asistir\u00e1n los clubes de abuelos de la ciudad para compartir una linda tarde rodeados de sus pares.<\/p>\n\n\n<div class=\"wp-block-image\">\n<figure class=\"aligncenter size-full\"><img decoding=\"async\" src=\"https:\/\/corrientesdetarde.com\/wp-content\/uploads\/2025\/08\/image-184.png\" alt=\"\" class=\"wp-image-220809\"\/><\/figure>\n<\/div>","protected":false},"excerpt":{"rendered":"<p>El Ministerio de Desarrollo Social, a trav\u00e9s del \u00e1rea de Adultos Mayores, llevar\u00e1&nbsp;a cabo este jueves 7 de agosto, un cl\u00e1sico bailable para nuestros adultos mayores denominado la \u201cFiesta de&hellip; <\/p>\n","protected":false},"author":1,"featured_media":220809,"comment_status":"closed","ping_status":"open","sticky":false,"template":"","format":"standard","meta":{"footnotes":""},"categories":[22],"tags":[],"class_list":["post-220800","post","type-post","status-publish","format-standard","has-post-thumbnail","hentry","category-eventos"],"_links":{"self":[{"href":"https:\/\/corrientesdetarde.com\/index.php\/wp-json\/wp\/v2\/posts\/220800","targetHints":{"allow":["GET"]}}],"collection":[{"href":"https:\/\/corrientesdetarde.com\/index.php\/wp-json\/wp\/v2\/posts"}],"about":[{"href":"https:\/\/corrientesdetarde.com\/index.php\/wp-json\/wp\/v2\/types\/post"}],"author":[{"embeddable":true,"href":"https:\/\/corrientesdetarde.com\/index.php\/wp-json\/wp\/v2\/users\/1"}],"replies":[{"embeddable":true,"href":"https:\/\/corrientesdetarde.com\/index.php\/wp-json\/wp\/v2\/comments?post=220800"}],"version-history":[{"count":1,"href":"https:\/\/corrientesdetarde.com\/index.php\/wp-json\/wp\/v2\/posts\/220800\/revisions"}],"predecessor-version":[{"id":220810,"href":"https:\/\/corrientesdetarde.com\/index.php\/wp-json\/wp\/v2\/posts\/220800\/revisions\/220810"}],"wp:featuredmedia":[{"embeddable":true,"href":"https:\/\/corrientesdetarde.com\/index.php\/wp-json\/wp\/v2\/media\/220809"}],"wp:attachment":[{"href":"https:\/\/corrientesdetarde.com\/index.php\/wp-json\/wp\/v2\/media?parent=220800"}],"wp:term":[{"taxonomy":"category","embeddable":true,"href":"https:\/\/corrientesdetarde.com\/index.php\/wp-json\/wp\/v2\/categories?post=220800"},{"taxonomy":"post_tag","embeddable":true,"href":"https:\/\/corrientesdetarde.com\/index.php\/wp-json\/wp\/v2\/tags?post=220800"}],"curies":[{"name":"wp","href":"https:\/\/api.w.org\/{rel}","templated":true}]}}