{"id":220801,"date":"2025-08-06T09:23:59","date_gmt":"2025-08-06T12:23:59","guid":{"rendered":"https:\/\/corrientesdetarde.com\/?p=220801"},"modified":"2025-08-06T09:24:29","modified_gmt":"2025-08-06T12:24:29","slug":"se-presento-en-busca-del-oro-liquido-materno-en-la-biblioteca-de-la-legislatura","status":"publish","type":"post","link":"https:\/\/corrientesdetarde.com\/index.php\/cultura\/se-presento-en-busca-del-oro-liquido-materno-en-la-biblioteca-de-la-legislatura\/","title":{"rendered":"Se present\u00f3 \u201cEn busca del oro l\u00edquido materno\u201d en la Biblioteca de la legislatura"},"content":{"rendered":"\n<p>CICLO ESCRITORES CORRENTINOS <\/p>\n\n\n\n<p>En el marco de la Semana Mundial de la Lactancia Materna, la m\u00e9dica y escritora Gloria Pino Cuadros present\u00f3 su obra literaria en la Biblioteca de la legislatura, un libro inspirado en la promoci\u00f3n de la lactancia materna.<\/p>\n\n\n\n<p><\/p>\n\n\n\n<p>Con invitaci\u00f3n del vicegobernador, Pedro Braillard Poccard, el libro \u201cEn busca del oro l\u00edquido materno\u201d de Gloria Pino Cuadros fue presentado este martes 5 de agosto en la Biblioteca de la legislatura, en el marco del Ciclo Escritores Correntinos y la Semana Mundial de la lactancia Materna.<\/p>\n\n\n\n<p>La coordinadora del espacio, la profesora Silvia Pozo destac\u00f3 \u201cdesde la Vicegobernaci\u00f3n de Corrientes acompa\u00f1amos y promovemos la Semana Mundial de la Lactancia Materna con esta presentaci\u00f3n, pero tambi\u00e9n con otras actividades como la inauguraci\u00f3n de la exposici\u00f3n de trabajos art\u00edsticos de alumnos secundarios en el Sal\u00f3n de los Pasos Perdidos\u201d.<\/p>\n\n\n\n<figure class=\"wp-block-image size-large\"><img loading=\"lazy\" decoding=\"async\" width=\"1024\" height=\"683\" src=\"https:\/\/corrientesdetarde.com\/wp-content\/uploads\/2025\/08\/Imagen-de-WhatsApp-2025-08-06-a-las-09.08.34_7c548d7b-1024x683.jpg\" alt=\"\" class=\"wp-image-220803\" srcset=\"https:\/\/corrientesdetarde.com\/wp-content\/uploads\/2025\/08\/Imagen-de-WhatsApp-2025-08-06-a-las-09.08.34_7c548d7b-1024x683.jpg 1024w, https:\/\/corrientesdetarde.com\/wp-content\/uploads\/2025\/08\/Imagen-de-WhatsApp-2025-08-06-a-las-09.08.34_7c548d7b-300x200.jpg 300w, https:\/\/corrientesdetarde.com\/wp-content\/uploads\/2025\/08\/Imagen-de-WhatsApp-2025-08-06-a-las-09.08.34_7c548d7b-768x512.jpg 768w, https:\/\/corrientesdetarde.com\/wp-content\/uploads\/2025\/08\/Imagen-de-WhatsApp-2025-08-06-a-las-09.08.34_7c548d7b-1536x1024.jpg 1536w, https:\/\/corrientesdetarde.com\/wp-content\/uploads\/2025\/08\/Imagen-de-WhatsApp-2025-08-06-a-las-09.08.34_7c548d7b.jpg 1599w\" sizes=\"auto, (max-width: 1024px) 100vw, 1024px\" \/><\/figure>\n\n\n\n<p>Por su parte, el presidente de SADE filial Corrientes, Avelino N\u00fa\u00f1ez, fue el encargado de presentar a la autora: \u201cen su discurso, Gloria, trata de quitar la complejidad para que todos comprendamos bien qu\u00e9 es la lactancia y sacarnos algunos mitos, con un mensaje muy importante para todos\u201d.<\/p>\n\n\n\n<p>En este sentido, la escritora, quien es especialista en Tocoginecolog\u00eda, nacida en Corrientes y egresada de la UNNE, comparti\u00f3 \u201ceste libro surgi\u00f3 en la obra social donde yo trabajo, que es Construir Salud y fue porque nosotros venimos con una formaci\u00f3n en la lactancia materna desde ya la \u00e9poca de mi residencia y ya all\u00ed se consideraba al hospital amigo de la madre y el ni\u00f1o. Entonces hac\u00edamos mucho hincapi\u00e9 en todo lo que es la lactancia materna\u201d, explic\u00f3.<\/p>\n\n\n\n<p>Asimismo, destac\u00f3 \u201csiempre digo que eso que uno mama, lo quiere brindar, lo empieza a divulgar. Y est\u00e1 bueno hacerlo porque eso forma parte de la contribuci\u00f3n a la promoci\u00f3n de la lactancia materna. Entonces empezamos en Construir Salud haciendo peque\u00f1as charlas que despu\u00e9s se hicieron un poco m\u00e1s generalizadas. Y ya todos los a\u00f1os hacemos distintos tipos de actividades. Y dentro de las mismas tenemos tambi\u00e9n el concurso del arte. Sabemos que podemos representar la lactancia materna de distintas maneras y la escritura est\u00e1 dentro de esas expresiones\u201d.<\/p>\n\n\n\n<p>\u201cEste es nuestro aporte como un granito de arena, de plasmar esto que estamos realizando y comenzamos combinando de mi parte la escritura creativa con la parte m\u00e9dica. Pero esa parte m\u00e9dica no dirigida ya al equipo de salud, ni al m\u00e9dico espec\u00edfico, porque ya el m\u00e9dico sabe todo esto y mucho m\u00e1s. Esto es para la poblaci\u00f3n general, por eso el lenguaje empleado es un lenguaje cotidiano. Un lenguaje sencillo, para llegar a todos, sin importar la edad, el sexo, sin importar si es embarazada o no, porque la idea es educar\u201d, remarc\u00f3.<\/p>\n\n\n\n<p>El nombre del libro<\/p>\n\n\n\n<p>La autora relat\u00f3 que el nombre se debe al calostro: \u201cQue tiene una coloraci\u00f3n ligeramente amarillenta en algunos casos, a veces la madre cree que es una leche que no sirve, como si fuera una leche sucia, pero \u00e9sta es oro, por eso se denomina oro l\u00edquido materno, por la cantidad de nutrientes, de prote\u00ednas, de vitaminas, de inmunoglobulina que tiene, y esa coloraci\u00f3n se da por una sustancia que se llama betacaroteno, que es la que le da el color amarillento, que es tan importante por todo lo que le aporta al reci\u00e9n nacido, porque ah\u00ed est\u00e1 el tesoro, o sea, no necesita otra cosa m\u00e1s que esa secreci\u00f3n calostral de la primera hora, esa primera hora de oro como le llamamos\u201d.<\/p>\n\n\n<div class=\"wp-block-image\">\n<figure class=\"aligncenter size-full\"><img loading=\"lazy\" decoding=\"async\" width=\"525\" height=\"806\" src=\"https:\/\/corrientesdetarde.com\/wp-content\/uploads\/2025\/08\/image-180.png\" alt=\"\" class=\"wp-image-220802\" srcset=\"https:\/\/corrientesdetarde.com\/wp-content\/uploads\/2025\/08\/image-180.png 525w, https:\/\/corrientesdetarde.com\/wp-content\/uploads\/2025\/08\/image-180-195x300.png 195w\" sizes=\"auto, (max-width: 525px) 100vw, 525px\" \/><\/figure>\n<\/div>\n\n\n<p>Contenido del libro<\/p>\n\n\n\n<p>La escritora coment\u00f3 que en la obra hay poemas, sonetos, algunos con una estructura bastante r\u00edgida y otros con una estructura mucho m\u00e1s libre. Tambi\u00e9n hay informaci\u00f3n sobre lactancia materna y mitolog\u00eda. Despu\u00e9s, la relaci\u00f3n con el arte, con la pintura, con la escultura. \u201cEst\u00e1n todas plasmadas en este libro de una manera informativa, pero tambi\u00e9n es algo que sirve de est\u00edmulo. Porque vemos c\u00f3mo la lactancia viene desde a\u00f1os remotos. Y el arte es un elemento de conexi\u00f3n para todo aquello que resulta \u00fatil y bello para la humanidad\u201d, sostuvo Pino de Cuadros.<\/p>\n\n\n\n<p>Por otra parte, tambi\u00e9n se encuentran textos sobre los lemas de la Semana Mundial de la Lactancia Materna desde 1992 hasta el 2023 que fue cuando se public\u00f3 el libro.<\/p>\n\n\n\n<p>Gloria Pino de Cuadros tiene publicados diez libros, dos obras compartidas, cuatro antolog\u00edas y dos libros con temas de Medicina. Tras la presentaci\u00f3n, el libro \u201cEn busca del oro l\u00edquido materno\u201d est\u00e1 disponible para todo el p\u00fablico en la Biblioteca de la legislatura (Salta 545).<\/p>\n\n\n<div class=\"wp-block-image\">\n<figure class=\"aligncenter size-full\"><img loading=\"lazy\" decoding=\"async\" width=\"439\" height=\"396\" src=\"https:\/\/corrientesdetarde.com\/wp-content\/uploads\/2025\/08\/image-182.png\" alt=\"\" class=\"wp-image-220806\" srcset=\"https:\/\/corrientesdetarde.com\/wp-content\/uploads\/2025\/08\/image-182.png 439w, https:\/\/corrientesdetarde.com\/wp-content\/uploads\/2025\/08\/image-182-300x271.png 300w\" sizes=\"auto, (max-width: 439px) 100vw, 439px\" \/><\/figure>\n<\/div>","protected":false},"excerpt":{"rendered":"<p>CICLO ESCRITORES CORRENTINOS En el marco de la Semana Mundial de la Lactancia Materna, la m\u00e9dica y escritora Gloria Pino Cuadros present\u00f3 su obra literaria en la Biblioteca de la&hellip; <\/p>\n","protected":false},"author":1,"featured_media":220804,"comment_status":"closed","ping_status":"open","sticky":false,"template":"","format":"standard","meta":{"footnotes":""},"categories":[15,22],"tags":[],"class_list":["post-220801","post","type-post","status-publish","format-standard","has-post-thumbnail","hentry","category-cultura","category-eventos"],"_links":{"self":[{"href":"https:\/\/corrientesdetarde.com\/index.php\/wp-json\/wp\/v2\/posts\/220801","targetHints":{"allow":["GET"]}}],"collection":[{"href":"https:\/\/corrientesdetarde.com\/index.php\/wp-json\/wp\/v2\/posts"}],"about":[{"href":"https:\/\/corrientesdetarde.com\/index.php\/wp-json\/wp\/v2\/types\/post"}],"author":[{"embeddable":true,"href":"https:\/\/corrientesdetarde.com\/index.php\/wp-json\/wp\/v2\/users\/1"}],"replies":[{"embeddable":true,"href":"https:\/\/corrientesdetarde.com\/index.php\/wp-json\/wp\/v2\/comments?post=220801"}],"version-history":[{"count":1,"href":"https:\/\/corrientesdetarde.com\/index.php\/wp-json\/wp\/v2\/posts\/220801\/revisions"}],"predecessor-version":[{"id":220807,"href":"https:\/\/corrientesdetarde.com\/index.php\/wp-json\/wp\/v2\/posts\/220801\/revisions\/220807"}],"wp:featuredmedia":[{"embeddable":true,"href":"https:\/\/corrientesdetarde.com\/index.php\/wp-json\/wp\/v2\/media\/220804"}],"wp:attachment":[{"href":"https:\/\/corrientesdetarde.com\/index.php\/wp-json\/wp\/v2\/media?parent=220801"}],"wp:term":[{"taxonomy":"category","embeddable":true,"href":"https:\/\/corrientesdetarde.com\/index.php\/wp-json\/wp\/v2\/categories?post=220801"},{"taxonomy":"post_tag","embeddable":true,"href":"https:\/\/corrientesdetarde.com\/index.php\/wp-json\/wp\/v2\/tags?post=220801"}],"curies":[{"name":"wp","href":"https:\/\/api.w.org\/{rel}","templated":true}]}}