{"id":220813,"date":"2025-08-06T10:42:18","date_gmt":"2025-08-06T13:42:18","guid":{"rendered":"https:\/\/corrientesdetarde.com\/?p=220813"},"modified":"2025-08-06T10:42:24","modified_gmt":"2025-08-06T13:42:24","slug":"insolito-denunciaron-al-pato-juan-por-violencia-contra-otras-mascotas","status":"publish","type":"post","link":"https:\/\/corrientesdetarde.com\/index.php\/informacion-general\/insolito-denunciaron-al-pato-juan-por-violencia-contra-otras-mascotas\/","title":{"rendered":"Ins\u00f3lito: denunciaron al pato Juan por violencia contra otras mascotas"},"content":{"rendered":"\n<p>Una denuncia vecinal afirma que ave tuvo comportamientos agresivos hacia otros animales que circulaban por la zona. En cuesti\u00f3n de d\u00edas, la duela de Juan junt\u00f3 7.000 firmas en apoyo.<\/p>\n\n\n\n<p>En el centro de la&nbsp;<strong>Ciudad de Mendoza<\/strong>, un pato se convirti\u00f3 en un&nbsp;<strong>s\u00edmbolo callejero&nbsp;<\/strong>y una figura entra\u00f1able para vecinos y turistas. Fue bautizado como el pato Juan, una suerte de celebridad animal&nbsp;<strong>adoptada por Margarita Flores<\/strong>, propietaria de una&nbsp;<strong>florer\u00eda sobre la avenida San Mart\u00edn<\/strong>.<\/p>\n\n\n\n<p>El ave acompa\u00f1\u00f3 a la florista durante las largas jornadas frente a su local, donde tambi\u00e9n se desempe\u00f1a como serena. Sin embargo, hace una semana,&nbsp;<strong>una denuncia vecinal&nbsp;<\/strong>marc\u00f3 un abrupto cambio en esta historia.<\/p>\n\n\n\n<p>El conflicto comenz\u00f3 tras un&nbsp;<strong>reclamo formal presentado ante la municipalidad<\/strong>, seg\u00fan el cual el pato habr\u00eda tenido&nbsp;<strong>comportamientos agresivos hacia mascotas&nbsp;<\/strong>que circulaban por la zona, indicaron fuentes del caso a Infobae. A ra\u00edz de esto,&nbsp;<strong>autoridades municipales&nbsp;<\/strong>solicitaron que&nbsp;<strong>Juan fuera retirado&nbsp;<\/strong>del espacio p\u00fablico.<\/p>\n\n\n\n<p>El pedido, lejos de pasar desapercibido,&nbsp;<strong>desat\u00f3 una ola de reacciones en defensa del ave<\/strong>, que ya contaba con la simpat\u00eda de quienes lo conoc\u00edan. En apenas unos d\u00edas, junt\u00f3 alrededor de&nbsp;<strong>7.000 firmas en apoyo al regreso del pato&nbsp;<\/strong>a su rutina habitual en el microcentro mendocino.<\/p>\n\n\n\n<p>La secretaria de&nbsp;<strong>Ambiente de la Municipalidad de Mendoza, Silvina L\u00f3pez<\/strong>, justific\u00f3 la decisi\u00f3n en declaraciones recogidas por Diario Uno.<\/p>\n\n\n\n<p>Afirm\u00f3 que la medida busca garantizar el \u201c<strong>uso adecuado del espacio p\u00fablico<\/strong>\u201d y la tranquilidad de los vecinos, as\u00ed como fomentar la \u201c<strong>tenencia responsable de mascotas<\/strong>\u201d y asegurar el bienestar del propio pato. L\u00f3pez sostuvo que el entorno del centro urbano, por su&nbsp;<strong>alta circulaci\u00f3n peatonal y vehicular<\/strong>, no resulta adecuado para animales sueltos sin control.<\/p>\n\n\n\n<blockquote class=\"instagram-media\" data-instgrm-captioned data-instgrm-permalink=\"https:\/\/www.instagram.com\/p\/DNA-7aJV_P-\/?utm_source=ig_embed&amp;utm_campaign=loading\" data-instgrm-version=\"14\" style=\" background:#FFF; border:0; border-radius:3px; box-shadow:0 0 1px 0 rgba(0,0,0,0.5),0 1px 10px 0 rgba(0,0,0,0.15); margin: 1px; max-width:540px; min-width:326px; padding:0; width:99.375%; width:-webkit-calc(100% - 2px); width:calc(100% - 2px);\"><div style=\"padding:16px;\"> <a href=\"https:\/\/www.instagram.com\/p\/DNA-7aJV_P-\/?utm_source=ig_embed&amp;utm_campaign=loading\" style=\" background:#FFFFFF; line-height:0; padding:0 0; text-align:center; text-decoration:none; width:100%;\" target=\"_blank\"> <div style=\" display: flex; flex-direction: row; align-items: center;\"> <div style=\"background-color: #F4F4F4; border-radius: 50%; flex-grow: 0; height: 40px; margin-right: 14px; width: 40px;\"><\/div> <div style=\"display: flex; flex-direction: column; flex-grow: 1; justify-content: center;\"> <div style=\" background-color: #F4F4F4; border-radius: 4px; flex-grow: 0; height: 14px; margin-bottom: 6px; width: 100px;\"><\/div> <div style=\" background-color: #F4F4F4; border-radius: 4px; flex-grow: 0; height: 14px; width: 60px;\"><\/div><\/div><\/div><div style=\"padding: 19% 0;\"><\/div> <div style=\"display:block; height:50px; margin:0 auto 12px; width:50px;\"><svg width=\"50px\" height=\"50px\" viewBox=\"0 0 60 60\" version=\"1.1\" xmlns=\"https:\/\/www.w3.org\/2000\/svg\" xmlns:xlink=\"https:\/\/www.w3.org\/1999\/xlink\"><g stroke=\"none\" stroke-width=\"1\" fill=\"none\" fill-rule=\"evenodd\"><g transform=\"translate(-511.000000, -20.000000)\" fill=\"#000000\"><g><path d=\"M556.869,30.41 C554.814,30.41 553.148,32.076 553.148,34.131 C553.148,36.186 554.814,37.852 556.869,37.852 C558.924,37.852 560.59,36.186 560.59,34.131 C560.59,32.076 558.924,30.41 556.869,30.41 M541,60.657 C535.114,60.657 530.342,55.887 530.342,50 C530.342,44.114 535.114,39.342 541,39.342 C546.887,39.342 551.658,44.114 551.658,50 C551.658,55.887 546.887,60.657 541,60.657 M541,33.886 C532.1,33.886 524.886,41.1 524.886,50 C524.886,58.899 532.1,66.113 541,66.113 C549.9,66.113 557.115,58.899 557.115,50 C557.115,41.1 549.9,33.886 541,33.886 M565.378,62.101 C565.244,65.022 564.756,66.606 564.346,67.663 C563.803,69.06 563.154,70.057 562.106,71.106 C561.058,72.155 560.06,72.803 558.662,73.347 C557.607,73.757 556.021,74.244 553.102,74.378 C549.944,74.521 548.997,74.552 541,74.552 C533.003,74.552 532.056,74.521 528.898,74.378 C525.979,74.244 524.393,73.757 523.338,73.347 C521.94,72.803 520.942,72.155 519.894,71.106 C518.846,70.057 518.197,69.06 517.654,67.663 C517.244,66.606 516.755,65.022 516.623,62.101 C516.479,58.943 516.448,57.996 516.448,50 C516.448,42.003 516.479,41.056 516.623,37.899 C516.755,34.978 517.244,33.391 517.654,32.338 C518.197,30.938 518.846,29.942 519.894,28.894 C520.942,27.846 521.94,27.196 523.338,26.654 C524.393,26.244 525.979,25.756 528.898,25.623 C532.057,25.479 533.004,25.448 541,25.448 C548.997,25.448 549.943,25.479 553.102,25.623 C556.021,25.756 557.607,26.244 558.662,26.654 C560.06,27.196 561.058,27.846 562.106,28.894 C563.154,29.942 563.803,30.938 564.346,32.338 C564.756,33.391 565.244,34.978 565.378,37.899 C565.522,41.056 565.552,42.003 565.552,50 C565.552,57.996 565.522,58.943 565.378,62.101 M570.82,37.631 C570.674,34.438 570.167,32.258 569.425,30.349 C568.659,28.377 567.633,26.702 565.965,25.035 C564.297,23.368 562.623,22.342 560.652,21.575 C558.743,20.834 556.562,20.326 553.369,20.18 C550.169,20.033 549.148,20 541,20 C532.853,20 531.831,20.033 528.631,20.18 C525.438,20.326 523.257,20.834 521.349,21.575 C519.376,22.342 517.703,23.368 516.035,25.035 C514.368,26.702 513.342,28.377 512.574,30.349 C511.834,32.258 511.326,34.438 511.181,37.631 C511.035,40.831 511,41.851 511,50 C511,58.147 511.035,59.17 511.181,62.369 C511.326,65.562 511.834,67.743 512.574,69.651 C513.342,71.625 514.368,73.296 516.035,74.965 C517.703,76.634 519.376,77.658 521.349,78.425 C523.257,79.167 525.438,79.673 528.631,79.82 C531.831,79.965 532.853,80.001 541,80.001 C549.148,80.001 550.169,79.965 553.369,79.82 C556.562,79.673 558.743,79.167 560.652,78.425 C562.623,77.658 564.297,76.634 565.965,74.965 C567.633,73.296 568.659,71.625 569.425,69.651 C570.167,67.743 570.674,65.562 570.82,62.369 C570.966,59.17 571,58.147 571,50 C571,41.851 570.966,40.831 570.82,37.631\"><\/path><\/g><\/g><\/g><\/svg><\/div><div style=\"padding-top: 8px;\"> <div style=\" color:#3897f0; font-family:Arial,sans-serif; font-size:14px; font-style:normal; font-weight:550; line-height:18px;\">Ver esta publicaci\u00f3n en Instagram<\/div><\/div><div style=\"padding: 12.5% 0;\"><\/div> <div style=\"display: flex; flex-direction: row; margin-bottom: 14px; align-items: center;\"><div> <div style=\"background-color: #F4F4F4; border-radius: 50%; height: 12.5px; width: 12.5px; transform: translateX(0px) translateY(7px);\"><\/div> <div style=\"background-color: #F4F4F4; height: 12.5px; transform: rotate(-45deg) translateX(3px) translateY(1px); width: 12.5px; flex-grow: 0; margin-right: 14px; margin-left: 2px;\"><\/div> <div style=\"background-color: #F4F4F4; border-radius: 50%; height: 12.5px; width: 12.5px; transform: translateX(9px) translateY(-18px);\"><\/div><\/div><div style=\"margin-left: 8px;\"> <div style=\" background-color: #F4F4F4; border-radius: 50%; flex-grow: 0; height: 20px; width: 20px;\"><\/div> <div style=\" width: 0; height: 0; border-top: 2px solid transparent; border-left: 6px solid #f4f4f4; border-bottom: 2px solid transparent; transform: translateX(16px) translateY(-4px) rotate(30deg)\"><\/div><\/div><div style=\"margin-left: auto;\"> <div style=\" width: 0px; border-top: 8px solid #F4F4F4; border-right: 8px solid transparent; transform: translateY(16px);\"><\/div> <div style=\" background-color: #F4F4F4; flex-grow: 0; height: 12px; width: 16px; transform: translateY(-4px);\"><\/div> <div style=\" width: 0; height: 0; border-top: 8px solid #F4F4F4; border-left: 8px solid transparent; transform: translateY(-4px) translateX(8px);\"><\/div><\/div><\/div> <div style=\"display: flex; flex-direction: column; flex-grow: 1; justify-content: center; margin-bottom: 24px;\"> <div style=\" background-color: #F4F4F4; border-radius: 4px; flex-grow: 0; height: 14px; margin-bottom: 6px; width: 224px;\"><\/div> <div style=\" background-color: #F4F4F4; border-radius: 4px; flex-grow: 0; height: 14px; width: 144px;\"><\/div><\/div><\/a><p style=\" color:#c9c8cd; font-family:Arial,sans-serif; font-size:14px; line-height:17px; margin-bottom:0; margin-top:8px; overflow:hidden; padding:8px 0 7px; text-align:center; text-overflow:ellipsis; white-space:nowrap;\"><a href=\"https:\/\/www.instagram.com\/p\/DNA-7aJV_P-\/?utm_source=ig_embed&amp;utm_campaign=loading\" style=\" color:#c9c8cd; font-family:Arial,sans-serif; font-size:14px; font-style:normal; font-weight:normal; line-height:17px; text-decoration:none;\" target=\"_blank\">Una publicaci\u00f3n compartida de Cadena 3 Argentina (@cadena3com)<\/a><\/p><\/div><\/blockquote>\n<script async src=\"\/\/www.instagram.com\/embed.js\"><\/script>\n\n\n\n<p>Actualmente,&nbsp;<strong>Juan reside en un peque\u00f1o corral&nbsp;<\/strong>en una zona rural de Maip\u00fa, donde Margarita vive junto a su marido. Seg\u00fan su testimonio, el pato&nbsp;<strong>no se ha adaptado bien al encierro<\/strong>.<\/p>\n\n\n\n<p>\u201cGrazna, \u00e9l&nbsp;<strong>est\u00e1 acostumbrado a estar libre<\/strong>, a caminar, a salir. En la noche, antes de irnos a dormir sal\u00edamos a dar una vuelta con los perros que tengo y luego se recostaba en mis pies\u201d, expres\u00f3.<\/p>\n\n\n\n<p>Tambi\u00e9n aseguraron que \u00e9l estaba&nbsp;<strong>acostumbrado a estar con la gente<\/strong>, con los turistas, a ser c\u00e9ntrico y nunca antes nadie tuvo una queja o un inconveniente, ni con personas ni otros animales, seg\u00fan le contaron a este medio. \u201cGrita y corre todo el tiempo\u201d, afirmaron.<\/p>\n\n\n\n<p>La relaci\u00f3n de Juan con el entorno urbano no se limitaba al horario comercial. Margarita relat\u00f3 que&nbsp;<strong>durante la noche<\/strong>, cuando o\u00edan ruidos en la calle -como el paso de j\u00f3venes que volv\u00edan de bailar o&nbsp;<strong>intentos de robo<\/strong>&#8211; el&nbsp;<strong>pato reaccionaba de inmediato<\/strong>. \u201c\u00c9l era el primero en salir y luego la perra salchicha que tambi\u00e9n me acompa\u00f1a\u201d, cont\u00f3.<\/p>\n\n\n\n<p>La denuncia sorprendi\u00f3 a la due\u00f1a, quien asegur\u00f3 no haber recibido antes&nbsp;<strong>ning\u00fan tipo de queja directa<\/strong>. \u201cNo s\u00e9 por qu\u00e9 le hicieron una denuncia. Los inspectores me hablaron muy bien, me dijeron: \u2018Margarita, se tiene que ir, porque si usted desobedece las \u00f3rdenes que est\u00e1n en el papel la&nbsp;<strong>multa va a ser de un mill\u00f3n y medio de pesos<\/strong>\u2019\u201d, narr\u00f3 al medio local.<\/p>\n\n\n\n<p>El caso cobr\u00f3 tal notoriedad que se sum\u00f3 un nuevo actor:&nbsp;<strong>el abogado penalista Oscar Alfredo Mellado<\/strong>, reconocido por su trayectoria en&nbsp;<strong>defensa de los derechos animales.<\/strong><\/p>\n\n\n\n<p>Mellado asumi\u00f3 la&nbsp;<strong>representaci\u00f3n legal del pato Juan&nbsp;<\/strong>y present\u00f3 este martes un recurso de&nbsp;<strong>revocatoria ante la municipalidad<\/strong>. El objetivo, seg\u00fan explic\u00f3 a Infobae, es que la comuna reconsidere la medida y permita que el animal regrese a su entorno habitual, aunque no sea su h\u00e1bitat natural.<\/p>\n\n\n\n<p>Ten\u00eda un plazo de diez d\u00edas, desde que el pato fue&nbsp;<strong>removido del centro<\/strong>, para presentar este recurso, que sirve para que se replantee la medida. De lo contrario, la sentencia hubiese quedado firme y el pato Juan no podr\u00eda volver.<\/p>\n\n\n\n<p>La intenci\u00f3n es encontrar una soluci\u00f3n en los pr\u00f3ximos d\u00edas. Llegar a un acuerdo entre los intereses de&nbsp;<strong>Margarita, el pato Juan, y de la Municipalidad<\/strong>, para que todos est\u00e9n c\u00f3modos.<\/p>\n\n\n\n<p>Lo cierto es que, por ahora, Margarita y Juan deber\u00e1n esperar una nueva medida de la&nbsp;<strong>Municipalidad de Mendoza&nbsp;<\/strong>para saber si podr\u00e1n volver a estar juntos en la florer\u00eda.<\/p>\n","protected":false},"excerpt":{"rendered":"<p>Una denuncia vecinal afirma que ave tuvo comportamientos agresivos hacia otros animales que circulaban por la zona. En cuesti\u00f3n de d\u00edas, la duela de Juan junt\u00f3 7.000 firmas en apoyo.&hellip; <\/p>\n","protected":false},"author":1,"featured_media":220826,"comment_status":"closed","ping_status":"open","sticky":false,"template":"","format":"standard","meta":{"footnotes":""},"categories":[1],"tags":[],"class_list":["post-220813","post","type-post","status-publish","format-standard","has-post-thumbnail","hentry","category-informacion-general"],"_links":{"self":[{"href":"https:\/\/corrientesdetarde.com\/index.php\/wp-json\/wp\/v2\/posts\/220813","targetHints":{"allow":["GET"]}}],"collection":[{"href":"https:\/\/corrientesdetarde.com\/index.php\/wp-json\/wp\/v2\/posts"}],"about":[{"href":"https:\/\/corrientesdetarde.com\/index.php\/wp-json\/wp\/v2\/types\/post"}],"author":[{"embeddable":true,"href":"https:\/\/corrientesdetarde.com\/index.php\/wp-json\/wp\/v2\/users\/1"}],"replies":[{"embeddable":true,"href":"https:\/\/corrientesdetarde.com\/index.php\/wp-json\/wp\/v2\/comments?post=220813"}],"version-history":[{"count":1,"href":"https:\/\/corrientesdetarde.com\/index.php\/wp-json\/wp\/v2\/posts\/220813\/revisions"}],"predecessor-version":[{"id":220827,"href":"https:\/\/corrientesdetarde.com\/index.php\/wp-json\/wp\/v2\/posts\/220813\/revisions\/220827"}],"wp:featuredmedia":[{"embeddable":true,"href":"https:\/\/corrientesdetarde.com\/index.php\/wp-json\/wp\/v2\/media\/220826"}],"wp:attachment":[{"href":"https:\/\/corrientesdetarde.com\/index.php\/wp-json\/wp\/v2\/media?parent=220813"}],"wp:term":[{"taxonomy":"category","embeddable":true,"href":"https:\/\/corrientesdetarde.com\/index.php\/wp-json\/wp\/v2\/categories?post=220813"},{"taxonomy":"post_tag","embeddable":true,"href":"https:\/\/corrientesdetarde.com\/index.php\/wp-json\/wp\/v2\/tags?post=220813"}],"curies":[{"name":"wp","href":"https:\/\/api.w.org\/{rel}","templated":true}]}}