{"id":220814,"date":"2025-08-06T10:34:06","date_gmt":"2025-08-06T13:34:06","guid":{"rendered":"https:\/\/corrientesdetarde.com\/?p=220814"},"modified":"2025-08-06T10:34:18","modified_gmt":"2025-08-06T13:34:18","slug":"el-padre-de-un-joven-que-se-tiro-del-puente-pide-recuperar-el-cuerpo","status":"publish","type":"post","link":"https:\/\/corrientesdetarde.com\/index.php\/policiales\/el-padre-de-un-joven-que-se-tiro-del-puente-pide-recuperar-el-cuerpo\/","title":{"rendered":"El padre de un joven que se tir\u00f3 del puente pide recuperar el cuerpo"},"content":{"rendered":"\n<p>Ram\u00f3n Villalba habl\u00f3 con Radio Dos sobre la b\u00fasqueda del cuerpo de su hijo Alexis, de 22 a\u00f1os, que hace 17 d\u00edas tom\u00f3 la dr\u00e1stica decisi\u00f3n de quitarse la vida, arroj\u00e1ndose del puente General Belgrano. Solicita colaboraci\u00f3n de Prefectura, malloneros y personas que puedan ayudar a buscar el cuerpo a su hijo.<\/p>\n\n\n\n<p><\/p>\n\n\n\n<p> \u00a0El padre del joven desaparecido detall\u00f3 sobre la situaci\u00f3n que est\u00e1n atravesando que\u00a0 &#8220;reclamamos a Prefectura porque no le est\u00e1 buscando y mencion\u00f3: &#8220;s\u00f3lo vi dos veces al barquito de Prefectura, pero quietos, no estaban patrullando el r\u00edo, no lo estaban buscando&#8221;.<\/p>\n\n\n\n<p>&#8220;En Prefectura de Empedrado me dijeron que est\u00e1n patrullando, pero yo no los veo saliendo como nosotros, y en Corrientes tambi\u00e9n fui y me dijeron que lo est\u00e1n buscando&#8221;, detall\u00f3 el padre del joven y reiter\u00f3&nbsp; que &#8220;yo lo \u00fanico que quiero es encontrar el cuerpo de mi hijo, no quiero molestar, pero quiero una respuesta&#8221;.<\/p>\n\n\n\n<p>Asimismo, el padre de Alexis coment\u00f3 en di\u00e1logo con Radio Dos que &#8220;me fui al Chaco, a la Fiscal\u00eda no tiene el expediente, no saben nada, no le pas\u00f3 la Comisar\u00eda, el auto est\u00e1 secuestrado en Barraqueras, nos dicen que hasta que no encuentren el cuerpo no lo pueden entregar&#8221;.<\/p>\n\n\n<div class=\"wp-block-image\">\n<figure class=\"aligncenter size-full\"><img loading=\"lazy\" decoding=\"async\" width=\"380\" height=\"581\" src=\"https:\/\/corrientesdetarde.com\/wp-content\/uploads\/2025\/08\/image-190.png\" alt=\"\" class=\"wp-image-220823\" srcset=\"https:\/\/corrientesdetarde.com\/wp-content\/uploads\/2025\/08\/image-190.png 380w, https:\/\/corrientesdetarde.com\/wp-content\/uploads\/2025\/08\/image-190-196x300.png 196w\" sizes=\"auto, (max-width: 380px) 100vw, 380px\" \/><\/figure>\n<\/div>\n\n\n<p><\/p>\n","protected":false},"excerpt":{"rendered":"<p>Ram\u00f3n Villalba habl\u00f3 con Radio Dos sobre la b\u00fasqueda del cuerpo de su hijo Alexis, de 22 a\u00f1os, que hace 17 d\u00edas tom\u00f3 la dr\u00e1stica decisi\u00f3n de quitarse la vida,&hellip; <\/p>\n","protected":false},"author":1,"featured_media":220824,"comment_status":"closed","ping_status":"open","sticky":false,"template":"","format":"standard","meta":{"footnotes":""},"categories":[33],"tags":[],"class_list":["post-220814","post","type-post","status-publish","format-standard","has-post-thumbnail","hentry","category-policiales"],"_links":{"self":[{"href":"https:\/\/corrientesdetarde.com\/index.php\/wp-json\/wp\/v2\/posts\/220814","targetHints":{"allow":["GET"]}}],"collection":[{"href":"https:\/\/corrientesdetarde.com\/index.php\/wp-json\/wp\/v2\/posts"}],"about":[{"href":"https:\/\/corrientesdetarde.com\/index.php\/wp-json\/wp\/v2\/types\/post"}],"author":[{"embeddable":true,"href":"https:\/\/corrientesdetarde.com\/index.php\/wp-json\/wp\/v2\/users\/1"}],"replies":[{"embeddable":true,"href":"https:\/\/corrientesdetarde.com\/index.php\/wp-json\/wp\/v2\/comments?post=220814"}],"version-history":[{"count":1,"href":"https:\/\/corrientesdetarde.com\/index.php\/wp-json\/wp\/v2\/posts\/220814\/revisions"}],"predecessor-version":[{"id":220825,"href":"https:\/\/corrientesdetarde.com\/index.php\/wp-json\/wp\/v2\/posts\/220814\/revisions\/220825"}],"wp:featuredmedia":[{"embeddable":true,"href":"https:\/\/corrientesdetarde.com\/index.php\/wp-json\/wp\/v2\/media\/220824"}],"wp:attachment":[{"href":"https:\/\/corrientesdetarde.com\/index.php\/wp-json\/wp\/v2\/media?parent=220814"}],"wp:term":[{"taxonomy":"category","embeddable":true,"href":"https:\/\/corrientesdetarde.com\/index.php\/wp-json\/wp\/v2\/categories?post=220814"},{"taxonomy":"post_tag","embeddable":true,"href":"https:\/\/corrientesdetarde.com\/index.php\/wp-json\/wp\/v2\/tags?post=220814"}],"curies":[{"name":"wp","href":"https:\/\/api.w.org\/{rel}","templated":true}]}}