{"id":220815,"date":"2025-08-06T10:23:00","date_gmt":"2025-08-06T13:23:00","guid":{"rendered":"https:\/\/corrientesdetarde.com\/?p=220815"},"modified":"2025-08-06T10:23:12","modified_gmt":"2025-08-06T13:23:12","slug":"un-hombre-mato-a-su-hijo-de-ocho-anos-e-intento-quitarse-la-vida","status":"publish","type":"post","link":"https:\/\/corrientesdetarde.com\/index.php\/crimen-y-justicia\/un-hombre-mato-a-su-hijo-de-ocho-anos-e-intento-quitarse-la-vida\/","title":{"rendered":"Un hombre mat\u00f3 a su hijo de ocho a\u00f1os e intent\u00f3 quitarse la vida"},"content":{"rendered":"\n<p>Fue ayer al mediod\u00eda, un hombre asesino a su hijo de ocho a\u00f1os apu\u00f1alando. El hecho ocurri\u00f3 en su casa de Lomas de Zamora en el domicilio ubicado sobre la calle D\u00edaz V\u00e9lez al 192.<\/p>\n\n\n\n<p><\/p>\n\n\n\n<p>Luego de horas del estremecedor caso en el que un hombre mat\u00f3 a su hijo de ocho a\u00f1os en Lomas de Zamora, salieron a la luz los detalles que ya est\u00e1n en la Justicia.<\/p>\n\n\n\n<p>Seg\u00fan los datos recolectados, Alejandro Ruffo, de 52 a\u00f1os y acusado de haber matado a Enzo Joaqu\u00edn, su hijo, hab\u00eda tenido una fuerte discusi\u00f3n con su esposa, Natalia Andrea (41). Se cree que luego de la pelea lo asesin\u00f3 a pu\u00f1aladas y luego intent\u00f3 quitarse la vida con el mismo cuchillo.<\/p>\n\n\n\n<p>Efectivos de la Polic\u00eda Bonaerense llegaron al domicilio luego de recibir un llamado de Natalia Andrea, pareja del agresor, quien report\u00f3 la desaparici\u00f3n y manifest\u00f3 que no pod\u00eda comunicarse con \u00e9l.<\/p>\n\n\n\n<p>Al ingresar a la vivienda, los efectivos hallaron a Alejandro Rufo (52) en el living con manchas de sangre y una herida de arma blanca. Tras una r\u00e1pida inspecci\u00f3n de la propiedad, tambi\u00e9n encontraron al menor, su hijo, Enzo Joaqu\u00edn.<\/p>\n\n\n\n<p>Joaqu\u00edn fue hallado recostado en una cama dentro de la habitaci\u00f3n principal. Al igual que su padre, presentaba una herida abdominal. Los agentes dieron aviso al SAME, que r\u00e1pidamente envi\u00f3 una ambulancia al lugar.<\/p>\n\n\n\n<p>Al arribar, los m\u00e9dicos confirmaron que el menor ya hab\u00eda fallecido. En tanto, el agresor fue trasladado de urgencia al Hospital Gandulfo, donde fue intervenido quir\u00fargicamente y permanece internado con pron\u00f3stico reservado.<\/p>\n\n\n\n<p>La Unidad Funcional de Instrucci\u00f3n y Juicio N.\u00ba 2 de Lomas de Zamora, encabezada por la Dra. Fabiola Juanatey, orden\u00f3 la detenci\u00f3n de Alejandro Rufo. De acuerdo con el testimonio de su pareja, el asesino padec\u00eda problemas psiqui\u00e1tricos.<\/p>\n\n\n\n<p>Una vecina, que decidi\u00f3 preservar su identidad y no aparecer frente a las c\u00e1maras, se refiri\u00f3 a Rufo: &#8220;Hace a\u00f1os que lo conozco. No entiendo la locura de este muchacho&#8221;, afirm\u00f3.<\/p>\n\n\n\n<p>&#8220;Sol\u00eda salir a pasear al perro todos los d\u00edas. Se lo ve\u00eda medio&#8230; Pero nunca pens\u00e9 que fuera a hacer algo as\u00ed. Es un dolor muy grande. Para uno que tiene hijos chicos y nietos, todo esto es dur\u00edsimo&#8221;, agreg\u00f3 con evidente conmoci\u00f3n.<\/p>\n\n\n\n<p>La vecina mencion\u00f3 adem\u00e1s que, semanas atr\u00e1s, la familia fue v\u00edctima de una entradera. Y sum\u00f3: &#8220;A pesar de todo, eran gente com\u00fan, como los dem\u00e1s vecinos. Parece que cuando ocurri\u00f3 todo esto la se\u00f1ora (Natalia Andrea) no estaba&#8221;.<\/p>\n\n\n\n<p>Por \u00faltimo, expres\u00f3 su desconcierto ante lo ocurrido: &#8220;No puedo creer que estas cosas sucedan. Si \u00e9l tiene problemas, ensa\u00f1arse con la criatura trat\u00e1ndose de su hijo&#8230; No se puede entender. Vaya uno a saber qu\u00e9 le pas\u00f3. Si tuvo un lapsus. No puedo culpar a nadie&#8221;, finaliz\u00f3.<\/p>\n","protected":false},"excerpt":{"rendered":"<p>Fue ayer al mediod\u00eda, un hombre asesino a su hijo de ocho a\u00f1os apu\u00f1alando. El hecho ocurri\u00f3 en su casa de Lomas de Zamora en el domicilio ubicado sobre la&hellip; <\/p>\n","protected":false},"author":1,"featured_media":220820,"comment_status":"closed","ping_status":"open","sticky":false,"template":"","format":"standard","meta":{"footnotes":""},"categories":[5],"tags":[],"class_list":["post-220815","post","type-post","status-publish","format-standard","has-post-thumbnail","hentry","category-crimen-y-justicia"],"_links":{"self":[{"href":"https:\/\/corrientesdetarde.com\/index.php\/wp-json\/wp\/v2\/posts\/220815","targetHints":{"allow":["GET"]}}],"collection":[{"href":"https:\/\/corrientesdetarde.com\/index.php\/wp-json\/wp\/v2\/posts"}],"about":[{"href":"https:\/\/corrientesdetarde.com\/index.php\/wp-json\/wp\/v2\/types\/post"}],"author":[{"embeddable":true,"href":"https:\/\/corrientesdetarde.com\/index.php\/wp-json\/wp\/v2\/users\/1"}],"replies":[{"embeddable":true,"href":"https:\/\/corrientesdetarde.com\/index.php\/wp-json\/wp\/v2\/comments?post=220815"}],"version-history":[{"count":1,"href":"https:\/\/corrientesdetarde.com\/index.php\/wp-json\/wp\/v2\/posts\/220815\/revisions"}],"predecessor-version":[{"id":220821,"href":"https:\/\/corrientesdetarde.com\/index.php\/wp-json\/wp\/v2\/posts\/220815\/revisions\/220821"}],"wp:featuredmedia":[{"embeddable":true,"href":"https:\/\/corrientesdetarde.com\/index.php\/wp-json\/wp\/v2\/media\/220820"}],"wp:attachment":[{"href":"https:\/\/corrientesdetarde.com\/index.php\/wp-json\/wp\/v2\/media?parent=220815"}],"wp:term":[{"taxonomy":"category","embeddable":true,"href":"https:\/\/corrientesdetarde.com\/index.php\/wp-json\/wp\/v2\/categories?post=220815"},{"taxonomy":"post_tag","embeddable":true,"href":"https:\/\/corrientesdetarde.com\/index.php\/wp-json\/wp\/v2\/tags?post=220815"}],"curies":[{"name":"wp","href":"https:\/\/api.w.org\/{rel}","templated":true}]}}