{"id":220828,"date":"2025-08-06T11:24:43","date_gmt":"2025-08-06T14:24:43","guid":{"rendered":"https:\/\/corrientesdetarde.com\/?p=220828"},"modified":"2025-08-06T11:25:00","modified_gmt":"2025-08-06T14:25:00","slug":"conferencia-de-prensa-sobre-proxima-la-expo-joven","status":"publish","type":"post","link":"https:\/\/corrientesdetarde.com\/index.php\/espectaculos\/conferencia-de-prensa-sobre-proxima-la-expo-joven\/","title":{"rendered":"Conferencia de prensa sobre pr\u00f3xima La Expo Joven"},"content":{"rendered":"\n<p>Este jueves a las 10 en el Sal\u00f3n Verde de Casa de Gobierno se realizar\u00e1 la conferencia de prensa en la que brindar\u00e1n detalles sobre la &#8220;Expo Joven: Elijo Corrientes&#8221; a realizarse el 12 y 13 de agosto en el Ex Regimiento N\u00b09. En estas jornadas habr\u00e1\u00a0charlas de orientaci\u00f3n vocacional y salud mental, talleres de habilidades para el trabajo, espacios de armado de curr\u00edculum, propuestas de voluntariado, actividades culturales, streaming, zona gamer y por supuesto acercarle a todos los j\u00f3venes las propuestas acad\u00e9micas. Organizan en conjunto el evento el Gobierno provincial y el Municipio capitalino.<\/p>\n\n\n<div class=\"wp-block-image\">\n<figure class=\"aligncenter size-full\"><img decoding=\"async\" src=\"https:\/\/corrientesdetarde.com\/wp-content\/uploads\/2025\/08\/image-193.png\" alt=\"\" class=\"wp-image-220829\"\/><\/figure>\n<\/div>\n\n\n<p><\/p>\n","protected":false},"excerpt":{"rendered":"<p>Este jueves a las 10 en el Sal\u00f3n Verde de Casa de Gobierno se realizar\u00e1 la conferencia de prensa en la que brindar\u00e1n detalles sobre la &#8220;Expo Joven: Elijo Corrientes&#8221;&hellip; <\/p>\n","protected":false},"author":1,"featured_media":220829,"comment_status":"closed","ping_status":"open","sticky":false,"template":"","format":"standard","meta":{"footnotes":""},"categories":[19,1208],"tags":[],"class_list":["post-220828","post","type-post","status-publish","format-standard","has-post-thumbnail","hentry","category-espectaculos","category-eventossociedad"],"_links":{"self":[{"href":"https:\/\/corrientesdetarde.com\/index.php\/wp-json\/wp\/v2\/posts\/220828","targetHints":{"allow":["GET"]}}],"collection":[{"href":"https:\/\/corrientesdetarde.com\/index.php\/wp-json\/wp\/v2\/posts"}],"about":[{"href":"https:\/\/corrientesdetarde.com\/index.php\/wp-json\/wp\/v2\/types\/post"}],"author":[{"embeddable":true,"href":"https:\/\/corrientesdetarde.com\/index.php\/wp-json\/wp\/v2\/users\/1"}],"replies":[{"embeddable":true,"href":"https:\/\/corrientesdetarde.com\/index.php\/wp-json\/wp\/v2\/comments?post=220828"}],"version-history":[{"count":1,"href":"https:\/\/corrientesdetarde.com\/index.php\/wp-json\/wp\/v2\/posts\/220828\/revisions"}],"predecessor-version":[{"id":220830,"href":"https:\/\/corrientesdetarde.com\/index.php\/wp-json\/wp\/v2\/posts\/220828\/revisions\/220830"}],"wp:featuredmedia":[{"embeddable":true,"href":"https:\/\/corrientesdetarde.com\/index.php\/wp-json\/wp\/v2\/media\/220829"}],"wp:attachment":[{"href":"https:\/\/corrientesdetarde.com\/index.php\/wp-json\/wp\/v2\/media?parent=220828"}],"wp:term":[{"taxonomy":"category","embeddable":true,"href":"https:\/\/corrientesdetarde.com\/index.php\/wp-json\/wp\/v2\/categories?post=220828"},{"taxonomy":"post_tag","embeddable":true,"href":"https:\/\/corrientesdetarde.com\/index.php\/wp-json\/wp\/v2\/tags?post=220828"}],"curies":[{"name":"wp","href":"https:\/\/api.w.org\/{rel}","templated":true}]}}